{"id":11892,"date":"2022-04-03T04:10:30","date_gmt":"2022-04-03T04:10:30","guid":{"rendered":"https:\/\/fmdelpueblo.ar\/?p=11892"},"modified":"2022-04-03T04:10:30","modified_gmt":"2022-04-03T04:10:30","slug":"aerolineas-argentinas-asegura-que-los-vuelos-internacionales-volverian-en-diciembre","status":"publish","type":"post","link":"http:\/\/fmdelpueblo.ar\/?p=11892","title":{"rendered":"Aerol\u00edneas Argentinas asegura que los vuelos internacionales volver\u00edan en diciembre"},"content":{"rendered":"<\/p>\n<p>Fabi\u00e1n Lombardo, director Comercial de la aerol\u00ednea, asegur\u00f3 que el Aeropuerto Taravella es un punto estrat\u00e9gico para la compa\u00f1\u00eda y destac\u00f3 el crecimiento de la oferta de vuelos nacionales. <a href=\"https:\/\/www.perfil.com\/noticias\/cordoba\/aerolineas-argentinas-asegura-que-los-vuelos-internacionales-volverian-en-diciembre.phtml\">Leer m\u00e1s<\/a><\/p>\n","protected":false},"excerpt":{"rendered":"<p>Fabi\u00e1n Lombardo, director Comercial de la aerol\u00ednea, asegur\u00f3 que el Aeropuerto Taravella es un punto estrat\u00e9gico para la compa\u00f1\u00eda y destac\u00f3 el crecimiento de la oferta de vuelos nacionales. Leer m\u00e1s<\/p>\n","protected":false},"author":0,"featured_media":0,"comment_status":"","ping_status":"","sticky":false,"template":"","format":"standard","meta":{"footnotes":""},"categories":[1],"tags":[],"class_list":["post-11892","post","type-post","status-publish","format-standard","hentry","category-sin-categoria"],"_links":{"self":[{"href":"http:\/\/fmdelpueblo.ar\/index.php?rest_route=\/wp\/v2\/posts\/11892","targetHints":{"allow":["GET"]}}],"collection":[{"href":"http:\/\/fmdelpueblo.ar\/index.php?rest_route=\/wp\/v2\/posts"}],"about":[{"href":"http:\/\/fmdelpueblo.ar\/index.php?rest_route=\/wp\/v2\/types\/post"}],"replies":[{"embeddable":true,"href":"http:\/\/fmdelpueblo.ar\/index.php?rest_route=%2Fwp%2Fv2%2Fcomments&post=11892"}],"version-history":[{"count":0,"href":"http:\/\/fmdelpueblo.ar\/index.php?rest_route=\/wp\/v2\/posts\/11892\/revisions"}],"wp:attachment":[{"href":"http:\/\/fmdelpueblo.ar\/index.php?rest_route=%2Fwp%2Fv2%2Fmedia&parent=11892"}],"wp:term":[{"taxonomy":"category","embeddable":true,"href":"http:\/\/fmdelpueblo.ar\/index.php?rest_route=%2Fwp%2Fv2%2Fcategories&post=11892"},{"taxonomy":"post_tag","embeddable":true,"href":"http:\/\/fmdelpueblo.ar\/index.php?rest_route=%2Fwp%2Fv2%2Ftags&post=11892"}],"curies":[{"name":"wp","href":"https:\/\/api.w.org\/{rel}","templated":true}]}}