{"id":11891,"date":"2022-04-03T04:10:30","date_gmt":"2022-04-03T04:10:30","guid":{"rendered":"https:\/\/fmdelpueblo.ar\/?p=11891"},"modified":"2022-04-03T04:10:30","modified_gmt":"2022-04-03T04:10:30","slug":"por-desempeno-economico-argentina-no-pasaria-la-fase-de-grupos","status":"publish","type":"post","link":"http:\/\/fmdelpueblo.ar\/?p=11891","title":{"rendered":"Por desempe\u00f1o econ\u00f3mico Argentina no pasar\u00eda la fase de grupos"},"content":{"rendered":"<\/p>\n<p>En un hipot\u00e9tico Mundial de Desempe\u00f1o Econ\u00f3mico, el pa\u00eds estar\u00eda en serios problemas para avanzar. Sin competir con potencias econ\u00f3micas, perder\u00eda por variables clave.<br \/>\n <a href=\"https:\/\/www.perfil.com\/noticias\/cordoba\/por-desempeno-economico-argentina-no-pasaria-la-fase-de-grupos.phtml\">Leer m\u00e1s<\/a><\/p>\n","protected":false},"excerpt":{"rendered":"<p>En un hipot\u00e9tico Mundial de Desempe\u00f1o Econ\u00f3mico, el pa\u00eds estar\u00eda en serios problemas para avanzar. Sin competir con potencias econ\u00f3micas, perder\u00eda por variables clave. Leer m\u00e1s<\/p>\n","protected":false},"author":0,"featured_media":0,"comment_status":"","ping_status":"","sticky":false,"template":"","format":"standard","meta":{"footnotes":""},"categories":[1],"tags":[],"class_list":["post-11891","post","type-post","status-publish","format-standard","hentry","category-sin-categoria"],"_links":{"self":[{"href":"http:\/\/fmdelpueblo.ar\/index.php?rest_route=\/wp\/v2\/posts\/11891","targetHints":{"allow":["GET"]}}],"collection":[{"href":"http:\/\/fmdelpueblo.ar\/index.php?rest_route=\/wp\/v2\/posts"}],"about":[{"href":"http:\/\/fmdelpueblo.ar\/index.php?rest_route=\/wp\/v2\/types\/post"}],"replies":[{"embeddable":true,"href":"http:\/\/fmdelpueblo.ar\/index.php?rest_route=%2Fwp%2Fv2%2Fcomments&post=11891"}],"version-history":[{"count":0,"href":"http:\/\/fmdelpueblo.ar\/index.php?rest_route=\/wp\/v2\/posts\/11891\/revisions"}],"wp:attachment":[{"href":"http:\/\/fmdelpueblo.ar\/index.php?rest_route=%2Fwp%2Fv2%2Fmedia&parent=11891"}],"wp:term":[{"taxonomy":"category","embeddable":true,"href":"http:\/\/fmdelpueblo.ar\/index.php?rest_route=%2Fwp%2Fv2%2Fcategories&post=11891"},{"taxonomy":"post_tag","embeddable":true,"href":"http:\/\/fmdelpueblo.ar\/index.php?rest_route=%2Fwp%2Fv2%2Ftags&post=11891"}],"curies":[{"name":"wp","href":"https:\/\/api.w.org\/{rel}","templated":true}]}}