{"id":11888,"date":"2022-04-03T03:08:59","date_gmt":"2022-04-03T03:08:59","guid":{"rendered":"https:\/\/fmdelpueblo.ar\/?p=11888"},"modified":"2022-04-03T03:08:59","modified_gmt":"2022-04-03T03:08:59","slug":"el-comportamiento-no-es-politico-es-humano","status":"publish","type":"post","link":"http:\/\/fmdelpueblo.ar\/?p=11888","title":{"rendered":"El comportamiento no es pol\u00edtico, es humano"},"content":{"rendered":"<\/p>\n<p>Mientras muchos pol\u00edticos se dedican al placer onanista de discutir sus temas, crece entre la gente el sentimiento de que ser\u00eda mejor que \u201cse vayan todos\u201d. Estamos a la puerta de un estallido general, del que solo se liberar\u00e1n los que puedan transmitir un mensaje de esperanza, que puedan comunicar que son capaces de encontrar una salida a este t\u00fanel agobiante, que no pasa por las mayor\u00edas parlamentarias, ni por las divisiones, ni la consolidaci\u00f3n de los frentes pol\u00edticos. <a href=\"https:\/\/www.perfil.com\/noticias\/columnistas\/el-comportamiento-no-es-politico-es-humano-por-jaime-duran-barba.phtml\">Leer m\u00e1s<\/a><\/p>\n","protected":false},"excerpt":{"rendered":"<p>Mientras muchos pol\u00edticos se dedican al placer onanista de discutir sus temas, crece entre la gente el sentimiento de que ser\u00eda mejor que \u201cse vayan todos\u201d. Estamos a la puerta de un estallido general, del que solo se liberar\u00e1n los que puedan transmitir un mensaje de esperanza, que puedan comunicar que son capaces de encontrar [&hellip;]<\/p>\n","protected":false},"author":0,"featured_media":0,"comment_status":"","ping_status":"","sticky":false,"template":"","format":"standard","meta":{"footnotes":""},"categories":[1],"tags":[],"class_list":["post-11888","post","type-post","status-publish","format-standard","hentry","category-sin-categoria"],"_links":{"self":[{"href":"http:\/\/fmdelpueblo.ar\/index.php?rest_route=\/wp\/v2\/posts\/11888","targetHints":{"allow":["GET"]}}],"collection":[{"href":"http:\/\/fmdelpueblo.ar\/index.php?rest_route=\/wp\/v2\/posts"}],"about":[{"href":"http:\/\/fmdelpueblo.ar\/index.php?rest_route=\/wp\/v2\/types\/post"}],"replies":[{"embeddable":true,"href":"http:\/\/fmdelpueblo.ar\/index.php?rest_route=%2Fwp%2Fv2%2Fcomments&post=11888"}],"version-history":[{"count":0,"href":"http:\/\/fmdelpueblo.ar\/index.php?rest_route=\/wp\/v2\/posts\/11888\/revisions"}],"wp:attachment":[{"href":"http:\/\/fmdelpueblo.ar\/index.php?rest_route=%2Fwp%2Fv2%2Fmedia&parent=11888"}],"wp:term":[{"taxonomy":"category","embeddable":true,"href":"http:\/\/fmdelpueblo.ar\/index.php?rest_route=%2Fwp%2Fv2%2Fcategories&post=11888"},{"taxonomy":"post_tag","embeddable":true,"href":"http:\/\/fmdelpueblo.ar\/index.php?rest_route=%2Fwp%2Fv2%2Ftags&post=11888"}],"curies":[{"name":"wp","href":"https:\/\/api.w.org\/{rel}","templated":true}]}}