{"id":11884,"date":"2022-04-03T03:08:58","date_gmt":"2022-04-03T03:08:58","guid":{"rendered":"https:\/\/fmdelpueblo.ar\/?p=11884"},"modified":"2022-04-03T03:08:58","modified_gmt":"2022-04-03T03:08:58","slug":"orlando-figes-el-reemplazo-de-putin-sera-por-alguien-muy-parecido-a-putin","status":"publish","type":"post","link":"http:\/\/fmdelpueblo.ar\/?p=11884","title":{"rendered":"Orlando Figes: \u201cEl reemplazo de Putin ser\u00e1 por alguien muy parecido a Putin\u201d"},"content":{"rendered":"<\/p>\n<p>El historiador brit\u00e1nico especialista en Rusia, y quien m\u00e1s de cerca ha seguido el liderazgo de Vladimir Putin, explica los motivos hist\u00f3ricos atravesados por los hechos actuales que desencadenaron la invasi\u00f3n a Ucrania y arroja luz sobre las posibilidades del desenlace y la situaci\u00f3n pol\u00edtica y econ\u00f3mica futura de la regi\u00f3n euroasi\u00e1tica. <a href=\"https:\/\/www.perfil.com\/noticias\/periodismopuro\/orlando-figes-el-reemplazo-de-putin-sera-por-alguien-muy-parecido-a-putin-por-jorge-fontevecchia.phtml\">Leer m\u00e1s<\/a><\/p>\n","protected":false},"excerpt":{"rendered":"<p>El historiador brit\u00e1nico especialista en Rusia, y quien m\u00e1s de cerca ha seguido el liderazgo de Vladimir Putin, explica los motivos hist\u00f3ricos atravesados por los hechos actuales que desencadenaron la invasi\u00f3n a Ucrania y arroja luz sobre las posibilidades del desenlace y la situaci\u00f3n pol\u00edtica y econ\u00f3mica futura de la regi\u00f3n euroasi\u00e1tica. Leer m\u00e1s<\/p>\n","protected":false},"author":0,"featured_media":0,"comment_status":"","ping_status":"","sticky":false,"template":"","format":"standard","meta":{"footnotes":""},"categories":[1],"tags":[],"class_list":["post-11884","post","type-post","status-publish","format-standard","hentry","category-sin-categoria"],"_links":{"self":[{"href":"http:\/\/fmdelpueblo.ar\/index.php?rest_route=\/wp\/v2\/posts\/11884","targetHints":{"allow":["GET"]}}],"collection":[{"href":"http:\/\/fmdelpueblo.ar\/index.php?rest_route=\/wp\/v2\/posts"}],"about":[{"href":"http:\/\/fmdelpueblo.ar\/index.php?rest_route=\/wp\/v2\/types\/post"}],"replies":[{"embeddable":true,"href":"http:\/\/fmdelpueblo.ar\/index.php?rest_route=%2Fwp%2Fv2%2Fcomments&post=11884"}],"version-history":[{"count":0,"href":"http:\/\/fmdelpueblo.ar\/index.php?rest_route=\/wp\/v2\/posts\/11884\/revisions"}],"wp:attachment":[{"href":"http:\/\/fmdelpueblo.ar\/index.php?rest_route=%2Fwp%2Fv2%2Fmedia&parent=11884"}],"wp:term":[{"taxonomy":"category","embeddable":true,"href":"http:\/\/fmdelpueblo.ar\/index.php?rest_route=%2Fwp%2Fv2%2Fcategories&post=11884"},{"taxonomy":"post_tag","embeddable":true,"href":"http:\/\/fmdelpueblo.ar\/index.php?rest_route=%2Fwp%2Fv2%2Ftags&post=11884"}],"curies":[{"name":"wp","href":"https:\/\/api.w.org\/{rel}","templated":true}]}}