{"id":11874,"date":"2022-04-02T23:09:10","date_gmt":"2022-04-02T23:09:10","guid":{"rendered":"https:\/\/fmdelpueblo.ar\/?p=11874"},"modified":"2022-04-02T23:09:10","modified_gmt":"2022-04-02T23:09:10","slug":"las-islas-malvinas-deberian-ser-argentinas-pero-no-lo-son","status":"publish","type":"post","link":"http:\/\/fmdelpueblo.ar\/?p=11874","title":{"rendered":"Las Islas Malvinas deber\u00edan ser argentinas, pero no lo son"},"content":{"rendered":"<\/p>\n<p>Desde el 3 de enero del a\u00f1o 1833 los ingleses desembarcaron en las Islas Malvinas y las ocuparon, hecho que atent\u00f3 contra la soberan\u00eda argentina. <a href=\"https:\/\/www.perfil.com\/noticias\/columnistas\/las-islas-malvinas-deberian-ser-argentinas-pero-no-lo-son-por-sandra-choroszczucha.phtml\">Leer m\u00e1s<\/a><\/p>\n","protected":false},"excerpt":{"rendered":"<p>Desde el 3 de enero del a\u00f1o 1833 los ingleses desembarcaron en las Islas Malvinas y las ocuparon, hecho que atent\u00f3 contra la soberan\u00eda argentina. Leer m\u00e1s<\/p>\n","protected":false},"author":0,"featured_media":0,"comment_status":"","ping_status":"","sticky":false,"template":"","format":"standard","meta":{"footnotes":""},"categories":[1],"tags":[],"class_list":["post-11874","post","type-post","status-publish","format-standard","hentry","category-sin-categoria"],"_links":{"self":[{"href":"http:\/\/fmdelpueblo.ar\/index.php?rest_route=\/wp\/v2\/posts\/11874","targetHints":{"allow":["GET"]}}],"collection":[{"href":"http:\/\/fmdelpueblo.ar\/index.php?rest_route=\/wp\/v2\/posts"}],"about":[{"href":"http:\/\/fmdelpueblo.ar\/index.php?rest_route=\/wp\/v2\/types\/post"}],"replies":[{"embeddable":true,"href":"http:\/\/fmdelpueblo.ar\/index.php?rest_route=%2Fwp%2Fv2%2Fcomments&post=11874"}],"version-history":[{"count":0,"href":"http:\/\/fmdelpueblo.ar\/index.php?rest_route=\/wp\/v2\/posts\/11874\/revisions"}],"wp:attachment":[{"href":"http:\/\/fmdelpueblo.ar\/index.php?rest_route=%2Fwp%2Fv2%2Fmedia&parent=11874"}],"wp:term":[{"taxonomy":"category","embeddable":true,"href":"http:\/\/fmdelpueblo.ar\/index.php?rest_route=%2Fwp%2Fv2%2Fcategories&post=11874"},{"taxonomy":"post_tag","embeddable":true,"href":"http:\/\/fmdelpueblo.ar\/index.php?rest_route=%2Fwp%2Fv2%2Ftags&post=11874"}],"curies":[{"name":"wp","href":"https:\/\/api.w.org\/{rel}","templated":true}]}}