{"id":11865,"date":"2022-04-02T13:10:42","date_gmt":"2022-04-02T13:10:42","guid":{"rendered":"https:\/\/fmdelpueblo.ar\/?p=11865"},"modified":"2022-04-02T13:10:42","modified_gmt":"2022-04-02T13:10:42","slug":"malvinas-que-derechos-tiene-el-reino-unido-para-quedarse-con-las-islas","status":"publish","type":"post","link":"http:\/\/fmdelpueblo.ar\/?p=11865","title":{"rendered":"Malvinas |\u00bfQu\u00e9 derechos tiene el Reino Unido para quedarse con las Islas?"},"content":{"rendered":"<\/p>\n<p>Las Islas Malvinas no son argentinas porque s\u00ed, sino porque hay normas internacionales que respaldan esa soberan\u00eda. Sin embargo, Argentina y Gran Breta\u00f1a llegaron a la guerra porque las autoridades de ambos pa\u00edses necesitaban mejorar su propia imagen interna. Argentina perdi\u00f3, pero adem\u00e1s del constante reclamo diplom\u00e1tico, una palabra clave podr\u00eda cambiar nuestra suerte: \u201cdesalinizaci\u00f3n\u201d. <a href=\"https:\/\/www.perfil.com\/noticias\/actualidad\/malvinas-que-derechos-tiene-el-reino-unido-para-quedarse-con-las-islas.phtml\">Leer m\u00e1s<\/a><\/p>\n","protected":false},"excerpt":{"rendered":"<p>Las Islas Malvinas no son argentinas porque s\u00ed, sino porque hay normas internacionales que respaldan esa soberan\u00eda. Sin embargo, Argentina y Gran Breta\u00f1a llegaron a la guerra porque las autoridades de ambos pa\u00edses necesitaban mejorar su propia imagen interna. Argentina perdi\u00f3, pero adem\u00e1s del constante reclamo diplom\u00e1tico, una palabra clave podr\u00eda cambiar nuestra suerte: \u201cdesalinizaci\u00f3n\u201d. [&hellip;]<\/p>\n","protected":false},"author":0,"featured_media":0,"comment_status":"","ping_status":"","sticky":false,"template":"","format":"standard","meta":{"footnotes":""},"categories":[1],"tags":[],"class_list":["post-11865","post","type-post","status-publish","format-standard","hentry","category-sin-categoria"],"_links":{"self":[{"href":"http:\/\/fmdelpueblo.ar\/index.php?rest_route=\/wp\/v2\/posts\/11865","targetHints":{"allow":["GET"]}}],"collection":[{"href":"http:\/\/fmdelpueblo.ar\/index.php?rest_route=\/wp\/v2\/posts"}],"about":[{"href":"http:\/\/fmdelpueblo.ar\/index.php?rest_route=\/wp\/v2\/types\/post"}],"replies":[{"embeddable":true,"href":"http:\/\/fmdelpueblo.ar\/index.php?rest_route=%2Fwp%2Fv2%2Fcomments&post=11865"}],"version-history":[{"count":0,"href":"http:\/\/fmdelpueblo.ar\/index.php?rest_route=\/wp\/v2\/posts\/11865\/revisions"}],"wp:attachment":[{"href":"http:\/\/fmdelpueblo.ar\/index.php?rest_route=%2Fwp%2Fv2%2Fmedia&parent=11865"}],"wp:term":[{"taxonomy":"category","embeddable":true,"href":"http:\/\/fmdelpueblo.ar\/index.php?rest_route=%2Fwp%2Fv2%2Fcategories&post=11865"},{"taxonomy":"post_tag","embeddable":true,"href":"http:\/\/fmdelpueblo.ar\/index.php?rest_route=%2Fwp%2Fv2%2Ftags&post=11865"}],"curies":[{"name":"wp","href":"https:\/\/api.w.org\/{rel}","templated":true}]}}