{"id":11864,"date":"2022-04-02T13:10:42","date_gmt":"2022-04-02T13:10:42","guid":{"rendered":"https:\/\/fmdelpueblo.ar\/?p=11864"},"modified":"2022-04-02T13:10:42","modified_gmt":"2022-04-02T13:10:42","slug":"guerra-de-malvinas-hace-40-anos-cronologia-de-una-mala-decision-y-de-una-triste-derrota","status":"publish","type":"post","link":"http:\/\/fmdelpueblo.ar\/?p=11864","title":{"rendered":"Guerra de Malvinas, hace 40 a\u00f1os: cronolog\u00eda de una mala decisi\u00f3n y de una triste derrota"},"content":{"rendered":"<\/p>\n<p>En 74 d\u00edas de combate, murieron 649 argentinos y 258 brit\u00e1nicos. Todo comenz\u00f3 cuando se iz\u00f3 una bandera argentina en las Islas Georgias. A espaldas del Tratado Interamericano de Asistencia Rec\u00edproca, Estados Unidos se aline\u00f3 con el Reino Unido y nos dej\u00f3 desamparados. Esa orfandad y las secuelas de un conflicto tan injusto como desparejo precipitaron el fin de la dictadura.<br \/>\n <a href=\"https:\/\/www.perfil.com\/noticias\/actualidad\/guerra-de-malvinas-hace-40-anos-cronologia-de-una-mala-decision-y-de-una-triste-derrota.phtml\">Leer m\u00e1s<\/a><\/p>\n","protected":false},"excerpt":{"rendered":"<p>En 74 d\u00edas de combate, murieron 649 argentinos y 258 brit\u00e1nicos. Todo comenz\u00f3 cuando se iz\u00f3 una bandera argentina en las Islas Georgias. A espaldas del Tratado Interamericano de Asistencia Rec\u00edproca, Estados Unidos se aline\u00f3 con el Reino Unido y nos dej\u00f3 desamparados. Esa orfandad y las secuelas de un conflicto tan injusto como desparejo [&hellip;]<\/p>\n","protected":false},"author":0,"featured_media":0,"comment_status":"","ping_status":"","sticky":false,"template":"","format":"standard","meta":{"footnotes":""},"categories":[1],"tags":[],"class_list":["post-11864","post","type-post","status-publish","format-standard","hentry","category-sin-categoria"],"_links":{"self":[{"href":"http:\/\/fmdelpueblo.ar\/index.php?rest_route=\/wp\/v2\/posts\/11864","targetHints":{"allow":["GET"]}}],"collection":[{"href":"http:\/\/fmdelpueblo.ar\/index.php?rest_route=\/wp\/v2\/posts"}],"about":[{"href":"http:\/\/fmdelpueblo.ar\/index.php?rest_route=\/wp\/v2\/types\/post"}],"replies":[{"embeddable":true,"href":"http:\/\/fmdelpueblo.ar\/index.php?rest_route=%2Fwp%2Fv2%2Fcomments&post=11864"}],"version-history":[{"count":0,"href":"http:\/\/fmdelpueblo.ar\/index.php?rest_route=\/wp\/v2\/posts\/11864\/revisions"}],"wp:attachment":[{"href":"http:\/\/fmdelpueblo.ar\/index.php?rest_route=%2Fwp%2Fv2%2Fmedia&parent=11864"}],"wp:term":[{"taxonomy":"category","embeddable":true,"href":"http:\/\/fmdelpueblo.ar\/index.php?rest_route=%2Fwp%2Fv2%2Fcategories&post=11864"},{"taxonomy":"post_tag","embeddable":true,"href":"http:\/\/fmdelpueblo.ar\/index.php?rest_route=%2Fwp%2Fv2%2Ftags&post=11864"}],"curies":[{"name":"wp","href":"https:\/\/api.w.org\/{rel}","templated":true}]}}