{"id":11863,"date":"2022-04-02T13:10:42","date_gmt":"2022-04-02T13:10:42","guid":{"rendered":"https:\/\/fmdelpueblo.ar\/?p=11863"},"modified":"2022-04-02T13:10:42","modified_gmt":"2022-04-02T13:10:42","slug":"malvinas-y-los-jovenes-como-interpelar-en-las-aulas-hoy","status":"publish","type":"post","link":"http:\/\/fmdelpueblo.ar\/?p=11863","title":{"rendered":"Malvinas\u00a0y los j\u00f3venes: \u00bfc\u00f3mo interpelar en las aulas hoy?"},"content":{"rendered":"<\/p>\n<p>Pensar\u00a0Malvinas\u00a0en la escuela hoy implica un desaf\u00edo generacional: pibes de 18 a\u00f1os, pero de hace 40, \u00bfcu\u00e1nto tienen que ver conmigo?, escuchamos cerca de esta fecha docentes de distintas asignaturas. En un mundo atravesado por una guerra, \u00bfc\u00f3mo resignificar a los Veteranos y Ca\u00eddos? <a href=\"https:\/\/www.perfil.com\/noticias\/opinion\/daniela-gaitan-malvinas-y-los-jovenes-como-interpelar-en-las-aulas-hoy.phtml\">Leer m\u00e1s<\/a><\/p>\n","protected":false},"excerpt":{"rendered":"<p>Pensar\u00a0Malvinas\u00a0en la escuela hoy implica un desaf\u00edo generacional: pibes de 18 a\u00f1os, pero de hace 40, \u00bfcu\u00e1nto tienen que ver conmigo?, escuchamos cerca de esta fecha docentes de distintas asignaturas. En un mundo atravesado por una guerra, \u00bfc\u00f3mo resignificar a los Veteranos y Ca\u00eddos? Leer m\u00e1s<\/p>\n","protected":false},"author":0,"featured_media":0,"comment_status":"","ping_status":"","sticky":false,"template":"","format":"standard","meta":{"footnotes":""},"categories":[1],"tags":[],"class_list":["post-11863","post","type-post","status-publish","format-standard","hentry","category-sin-categoria"],"_links":{"self":[{"href":"http:\/\/fmdelpueblo.ar\/index.php?rest_route=\/wp\/v2\/posts\/11863","targetHints":{"allow":["GET"]}}],"collection":[{"href":"http:\/\/fmdelpueblo.ar\/index.php?rest_route=\/wp\/v2\/posts"}],"about":[{"href":"http:\/\/fmdelpueblo.ar\/index.php?rest_route=\/wp\/v2\/types\/post"}],"replies":[{"embeddable":true,"href":"http:\/\/fmdelpueblo.ar\/index.php?rest_route=%2Fwp%2Fv2%2Fcomments&post=11863"}],"version-history":[{"count":0,"href":"http:\/\/fmdelpueblo.ar\/index.php?rest_route=\/wp\/v2\/posts\/11863\/revisions"}],"wp:attachment":[{"href":"http:\/\/fmdelpueblo.ar\/index.php?rest_route=%2Fwp%2Fv2%2Fmedia&parent=11863"}],"wp:term":[{"taxonomy":"category","embeddable":true,"href":"http:\/\/fmdelpueblo.ar\/index.php?rest_route=%2Fwp%2Fv2%2Fcategories&post=11863"},{"taxonomy":"post_tag","embeddable":true,"href":"http:\/\/fmdelpueblo.ar\/index.php?rest_route=%2Fwp%2Fv2%2Ftags&post=11863"}],"curies":[{"name":"wp","href":"https:\/\/api.w.org\/{rel}","templated":true}]}}