{"id":11855,"date":"2022-04-02T11:11:00","date_gmt":"2022-04-02T11:11:00","guid":{"rendered":"https:\/\/fmdelpueblo.ar\/?p=11855"},"modified":"2022-04-02T11:11:00","modified_gmt":"2022-04-02T11:11:00","slug":"energia-frente-a-un-cambio-de-epoca-2","status":"publish","type":"post","link":"http:\/\/fmdelpueblo.ar\/?p=11855","title":{"rendered":"Energ\u00eda: frente a un cambio de \u00e9poca"},"content":{"rendered":"<\/p>\n<p>Desde un punto de vista global, 2021 para la energ\u00eda fue un a\u00f1o auspicioso. El a\u00f1o hab\u00eda empezado en abril con una \u201ccumbre clim\u00e1tica virtual\u201d convocada por el presidente Biden en la cual cuarenta pa\u00edses \u2013incluido el nuestro\u2013 comprometieron esfuerzos comunes y coordinados para mitigar el cambio clim\u00e1tico <a href=\"https:\/\/www.perfil.com\/noticias\/columnistas\/energia-frente-a-un-cambio-de-epoca.phtml\">Leer m\u00e1s<\/a><\/p>\n","protected":false},"excerpt":{"rendered":"<p>Desde un punto de vista global, 2021 para la energ\u00eda fue un a\u00f1o auspicioso. El a\u00f1o hab\u00eda empezado en abril con una \u201ccumbre clim\u00e1tica virtual\u201d convocada por el presidente Biden en la cual cuarenta pa\u00edses \u2013incluido el nuestro\u2013 comprometieron esfuerzos comunes y coordinados para mitigar el cambio clim\u00e1tico Leer m\u00e1s<\/p>\n","protected":false},"author":0,"featured_media":0,"comment_status":"","ping_status":"","sticky":false,"template":"","format":"standard","meta":{"footnotes":""},"categories":[1],"tags":[],"class_list":["post-11855","post","type-post","status-publish","format-standard","hentry","category-sin-categoria"],"_links":{"self":[{"href":"http:\/\/fmdelpueblo.ar\/index.php?rest_route=\/wp\/v2\/posts\/11855","targetHints":{"allow":["GET"]}}],"collection":[{"href":"http:\/\/fmdelpueblo.ar\/index.php?rest_route=\/wp\/v2\/posts"}],"about":[{"href":"http:\/\/fmdelpueblo.ar\/index.php?rest_route=\/wp\/v2\/types\/post"}],"replies":[{"embeddable":true,"href":"http:\/\/fmdelpueblo.ar\/index.php?rest_route=%2Fwp%2Fv2%2Fcomments&post=11855"}],"version-history":[{"count":0,"href":"http:\/\/fmdelpueblo.ar\/index.php?rest_route=\/wp\/v2\/posts\/11855\/revisions"}],"wp:attachment":[{"href":"http:\/\/fmdelpueblo.ar\/index.php?rest_route=%2Fwp%2Fv2%2Fmedia&parent=11855"}],"wp:term":[{"taxonomy":"category","embeddable":true,"href":"http:\/\/fmdelpueblo.ar\/index.php?rest_route=%2Fwp%2Fv2%2Fcategories&post=11855"},{"taxonomy":"post_tag","embeddable":true,"href":"http:\/\/fmdelpueblo.ar\/index.php?rest_route=%2Fwp%2Fv2%2Ftags&post=11855"}],"curies":[{"name":"wp","href":"https:\/\/api.w.org\/{rel}","templated":true}]}}