{"id":11853,"date":"2022-04-02T10:09:36","date_gmt":"2022-04-02T10:09:36","guid":{"rendered":"https:\/\/fmdelpueblo.ar\/?p=11853"},"modified":"2022-04-02T10:09:36","modified_gmt":"2022-04-02T10:09:36","slug":"soberania-dividida-en-el-fdt-actos-distintos-de-alberto-f-y-cfk","status":"publish","type":"post","link":"http:\/\/fmdelpueblo.ar\/?p=11853","title":{"rendered":"Soberan\u00eda dividida en el FdT: actos distintos de Alberto F y CFK"},"content":{"rendered":"<\/p>\n<p>El Presidente har\u00e1 un homenaje al mediod\u00eda y la Vicepresidenta por la tarde. Ninguno asistir\u00e1 al acto del otro. Sergio Massa estar\u00e1 en los dos eventos, pero no quiere mediar. <a href=\"https:\/\/www.perfil.com\/noticias\/politica\/soberania-dividida-en-el-fdt-actos-distintos-de-alberto-f-y-cfk.phtml\">Leer m\u00e1s<\/a><\/p>\n","protected":false},"excerpt":{"rendered":"<p>El Presidente har\u00e1 un homenaje al mediod\u00eda y la Vicepresidenta por la tarde. Ninguno asistir\u00e1 al acto del otro. Sergio Massa estar\u00e1 en los dos eventos, pero no quiere mediar. Leer m\u00e1s<\/p>\n","protected":false},"author":0,"featured_media":0,"comment_status":"","ping_status":"","sticky":false,"template":"","format":"standard","meta":{"footnotes":""},"categories":[1],"tags":[],"class_list":["post-11853","post","type-post","status-publish","format-standard","hentry","category-sin-categoria"],"_links":{"self":[{"href":"http:\/\/fmdelpueblo.ar\/index.php?rest_route=\/wp\/v2\/posts\/11853","targetHints":{"allow":["GET"]}}],"collection":[{"href":"http:\/\/fmdelpueblo.ar\/index.php?rest_route=\/wp\/v2\/posts"}],"about":[{"href":"http:\/\/fmdelpueblo.ar\/index.php?rest_route=\/wp\/v2\/types\/post"}],"replies":[{"embeddable":true,"href":"http:\/\/fmdelpueblo.ar\/index.php?rest_route=%2Fwp%2Fv2%2Fcomments&post=11853"}],"version-history":[{"count":0,"href":"http:\/\/fmdelpueblo.ar\/index.php?rest_route=\/wp\/v2\/posts\/11853\/revisions"}],"wp:attachment":[{"href":"http:\/\/fmdelpueblo.ar\/index.php?rest_route=%2Fwp%2Fv2%2Fmedia&parent=11853"}],"wp:term":[{"taxonomy":"category","embeddable":true,"href":"http:\/\/fmdelpueblo.ar\/index.php?rest_route=%2Fwp%2Fv2%2Fcategories&post=11853"},{"taxonomy":"post_tag","embeddable":true,"href":"http:\/\/fmdelpueblo.ar\/index.php?rest_route=%2Fwp%2Fv2%2Ftags&post=11853"}],"curies":[{"name":"wp","href":"https:\/\/api.w.org\/{rel}","templated":true}]}}