{"id":11852,"date":"2022-04-02T10:09:36","date_gmt":"2022-04-02T10:09:36","guid":{"rendered":"https:\/\/fmdelpueblo.ar\/?p=11852"},"modified":"2022-04-02T10:09:36","modified_gmt":"2022-04-02T10:09:36","slug":"el-senado-busca-evitar-la-paralisis-de-la-magistratura","status":"publish","type":"post","link":"http:\/\/fmdelpueblo.ar\/?p=11852","title":{"rendered":"El Senado busca evitar la par\u00e1lisis de la Magistratura"},"content":{"rendered":"<\/p>\n<p>El FdT debi\u00f3 acceder a realizar concesiones a referentes provinciales para poder garantizarse los votos de la media sanci\u00f3n. En Diputados el escenario es a\u00fan m\u00e1s complicado. La Corte Suprema puso el 15 de abril como l\u00edmite. <a href=\"https:\/\/www.perfil.com\/noticias\/politica\/el-senado-busca-evitar-la-paralisis-de-la-magistratura.phtml\">Leer m\u00e1s<\/a><\/p>\n","protected":false},"excerpt":{"rendered":"<p>El FdT debi\u00f3 acceder a realizar concesiones a referentes provinciales para poder garantizarse los votos de la media sanci\u00f3n. En Diputados el escenario es a\u00fan m\u00e1s complicado. La Corte Suprema puso el 15 de abril como l\u00edmite. Leer m\u00e1s<\/p>\n","protected":false},"author":0,"featured_media":0,"comment_status":"","ping_status":"","sticky":false,"template":"","format":"standard","meta":{"footnotes":""},"categories":[1],"tags":[],"class_list":["post-11852","post","type-post","status-publish","format-standard","hentry","category-sin-categoria"],"_links":{"self":[{"href":"http:\/\/fmdelpueblo.ar\/index.php?rest_route=\/wp\/v2\/posts\/11852","targetHints":{"allow":["GET"]}}],"collection":[{"href":"http:\/\/fmdelpueblo.ar\/index.php?rest_route=\/wp\/v2\/posts"}],"about":[{"href":"http:\/\/fmdelpueblo.ar\/index.php?rest_route=\/wp\/v2\/types\/post"}],"replies":[{"embeddable":true,"href":"http:\/\/fmdelpueblo.ar\/index.php?rest_route=%2Fwp%2Fv2%2Fcomments&post=11852"}],"version-history":[{"count":0,"href":"http:\/\/fmdelpueblo.ar\/index.php?rest_route=\/wp\/v2\/posts\/11852\/revisions"}],"wp:attachment":[{"href":"http:\/\/fmdelpueblo.ar\/index.php?rest_route=%2Fwp%2Fv2%2Fmedia&parent=11852"}],"wp:term":[{"taxonomy":"category","embeddable":true,"href":"http:\/\/fmdelpueblo.ar\/index.php?rest_route=%2Fwp%2Fv2%2Fcategories&post=11852"},{"taxonomy":"post_tag","embeddable":true,"href":"http:\/\/fmdelpueblo.ar\/index.php?rest_route=%2Fwp%2Fv2%2Ftags&post=11852"}],"curies":[{"name":"wp","href":"https:\/\/api.w.org\/{rel}","templated":true}]}}