{"id":11842,"date":"2022-04-02T07:12:38","date_gmt":"2022-04-02T07:12:38","guid":{"rendered":"https:\/\/fmdelpueblo.ar\/?p=11842"},"modified":"2022-04-02T07:12:38","modified_gmt":"2022-04-02T07:12:38","slug":"el-caballero-de-la-luna-y-su-gran-debut-en-marvel","status":"publish","type":"post","link":"http:\/\/fmdelpueblo.ar\/?p=11842","title":{"rendered":"El caballero de la luna y su gran debut en Marvel"},"content":{"rendered":"<\/p>\n<p>La nueva serie del gigante del entretenimiento apela a un personaje casi desconocido fuera del c\u00f3mic y a dos directores, Justin Benson y Aaron Moorhead, famosos por sus incursiones en el g\u00e9nero. <a href=\"https:\/\/www.perfil.com\/noticias\/espectaculos\/el-caballero-de-la-luna-y-su-gran-debut-en-marvel.phtml\">Leer m\u00e1s<\/a><\/p>\n","protected":false},"excerpt":{"rendered":"<p>La nueva serie del gigante del entretenimiento apela a un personaje casi desconocido fuera del c\u00f3mic y a dos directores, Justin Benson y Aaron Moorhead, famosos por sus incursiones en el g\u00e9nero. Leer m\u00e1s<\/p>\n","protected":false},"author":0,"featured_media":0,"comment_status":"","ping_status":"","sticky":false,"template":"","format":"standard","meta":{"footnotes":""},"categories":[1],"tags":[],"class_list":["post-11842","post","type-post","status-publish","format-standard","hentry","category-sin-categoria"],"_links":{"self":[{"href":"http:\/\/fmdelpueblo.ar\/index.php?rest_route=\/wp\/v2\/posts\/11842","targetHints":{"allow":["GET"]}}],"collection":[{"href":"http:\/\/fmdelpueblo.ar\/index.php?rest_route=\/wp\/v2\/posts"}],"about":[{"href":"http:\/\/fmdelpueblo.ar\/index.php?rest_route=\/wp\/v2\/types\/post"}],"replies":[{"embeddable":true,"href":"http:\/\/fmdelpueblo.ar\/index.php?rest_route=%2Fwp%2Fv2%2Fcomments&post=11842"}],"version-history":[{"count":0,"href":"http:\/\/fmdelpueblo.ar\/index.php?rest_route=\/wp\/v2\/posts\/11842\/revisions"}],"wp:attachment":[{"href":"http:\/\/fmdelpueblo.ar\/index.php?rest_route=%2Fwp%2Fv2%2Fmedia&parent=11842"}],"wp:term":[{"taxonomy":"category","embeddable":true,"href":"http:\/\/fmdelpueblo.ar\/index.php?rest_route=%2Fwp%2Fv2%2Fcategories&post=11842"},{"taxonomy":"post_tag","embeddable":true,"href":"http:\/\/fmdelpueblo.ar\/index.php?rest_route=%2Fwp%2Fv2%2Ftags&post=11842"}],"curies":[{"name":"wp","href":"https:\/\/api.w.org\/{rel}","templated":true}]}}