{"id":11839,"date":"2022-04-02T06:09:56","date_gmt":"2022-04-02T06:09:56","guid":{"rendered":"https:\/\/fmdelpueblo.ar\/?p=11839"},"modified":"2022-04-02T06:09:56","modified_gmt":"2022-04-02T06:09:56","slug":"se-levanto-el-acampe-pero-los-reclamos-continuan","status":"publish","type":"post","link":"http:\/\/fmdelpueblo.ar\/?p=11839","title":{"rendered":"Se levant\u00f3 el acampe, pero los reclamos contin\u00faan"},"content":{"rendered":"<\/p>\n<p>Las organizaciones sociales pasaron 48 horas en la 9 de Julio, pero no obtuvieron respuesta. La pelea por el control de los planes sociales se mete en la discusi\u00f3n. Las organizaciones volver\u00e1n a movilizarse el 13 de abril. <a href=\"https:\/\/www.perfil.com\/noticias\/politica\/se-levanto-el-acampe-pero-los-reclamos-continuan.phtml\">Leer m\u00e1s<\/a><\/p>\n","protected":false},"excerpt":{"rendered":"<p>Las organizaciones sociales pasaron 48 horas en la 9 de Julio, pero no obtuvieron respuesta. La pelea por el control de los planes sociales se mete en la discusi\u00f3n. Las organizaciones volver\u00e1n a movilizarse el 13 de abril. Leer m\u00e1s<\/p>\n","protected":false},"author":0,"featured_media":0,"comment_status":"","ping_status":"","sticky":false,"template":"","format":"standard","meta":{"footnotes":""},"categories":[1],"tags":[],"class_list":["post-11839","post","type-post","status-publish","format-standard","hentry","category-sin-categoria"],"_links":{"self":[{"href":"http:\/\/fmdelpueblo.ar\/index.php?rest_route=\/wp\/v2\/posts\/11839","targetHints":{"allow":["GET"]}}],"collection":[{"href":"http:\/\/fmdelpueblo.ar\/index.php?rest_route=\/wp\/v2\/posts"}],"about":[{"href":"http:\/\/fmdelpueblo.ar\/index.php?rest_route=\/wp\/v2\/types\/post"}],"replies":[{"embeddable":true,"href":"http:\/\/fmdelpueblo.ar\/index.php?rest_route=%2Fwp%2Fv2%2Fcomments&post=11839"}],"version-history":[{"count":0,"href":"http:\/\/fmdelpueblo.ar\/index.php?rest_route=\/wp\/v2\/posts\/11839\/revisions"}],"wp:attachment":[{"href":"http:\/\/fmdelpueblo.ar\/index.php?rest_route=%2Fwp%2Fv2%2Fmedia&parent=11839"}],"wp:term":[{"taxonomy":"category","embeddable":true,"href":"http:\/\/fmdelpueblo.ar\/index.php?rest_route=%2Fwp%2Fv2%2Fcategories&post=11839"},{"taxonomy":"post_tag","embeddable":true,"href":"http:\/\/fmdelpueblo.ar\/index.php?rest_route=%2Fwp%2Fv2%2Ftags&post=11839"}],"curies":[{"name":"wp","href":"https:\/\/api.w.org\/{rel}","templated":true}]}}