{"id":11838,"date":"2022-04-02T06:09:56","date_gmt":"2022-04-02T06:09:56","guid":{"rendered":"https:\/\/fmdelpueblo.ar\/?p=11838"},"modified":"2022-04-02T06:09:56","modified_gmt":"2022-04-02T06:09:56","slug":"con-macri-y-larreta-el-pro-lanzo-una-corriente-federal-debemos-ampliarnos","status":"publish","type":"post","link":"http:\/\/fmdelpueblo.ar\/?p=11838","title":{"rendered":"Con Macri y Larreta, el PRO lanz\u00f3 una corriente federal: \u00abDebemos ampliarnos\u00bb"},"content":{"rendered":"<\/p>\n<p>Se reunieron en Mendoza unos setenta dirigentes. El ex presidente, por Zoom, plante\u00f3 que se volver\u00e1 al poder en 2023. El jefe comunal pidi\u00f3 sumar otras fuerzas. El video de Bullrich. <a href=\"https:\/\/www.perfil.com\/noticias\/politica\/con-macri-y-larreta-el-pro-lanzo-una-corriente-federal-debemos-ampliarnos.phtml\">Leer m\u00e1s<\/a><\/p>\n","protected":false},"excerpt":{"rendered":"<p>Se reunieron en Mendoza unos setenta dirigentes. El ex presidente, por Zoom, plante\u00f3 que se volver\u00e1 al poder en 2023. El jefe comunal pidi\u00f3 sumar otras fuerzas. El video de Bullrich. Leer m\u00e1s<\/p>\n","protected":false},"author":0,"featured_media":0,"comment_status":"","ping_status":"","sticky":false,"template":"","format":"standard","meta":{"footnotes":""},"categories":[1],"tags":[],"class_list":["post-11838","post","type-post","status-publish","format-standard","hentry","category-sin-categoria"],"_links":{"self":[{"href":"http:\/\/fmdelpueblo.ar\/index.php?rest_route=\/wp\/v2\/posts\/11838","targetHints":{"allow":["GET"]}}],"collection":[{"href":"http:\/\/fmdelpueblo.ar\/index.php?rest_route=\/wp\/v2\/posts"}],"about":[{"href":"http:\/\/fmdelpueblo.ar\/index.php?rest_route=\/wp\/v2\/types\/post"}],"replies":[{"embeddable":true,"href":"http:\/\/fmdelpueblo.ar\/index.php?rest_route=%2Fwp%2Fv2%2Fcomments&post=11838"}],"version-history":[{"count":0,"href":"http:\/\/fmdelpueblo.ar\/index.php?rest_route=\/wp\/v2\/posts\/11838\/revisions"}],"wp:attachment":[{"href":"http:\/\/fmdelpueblo.ar\/index.php?rest_route=%2Fwp%2Fv2%2Fmedia&parent=11838"}],"wp:term":[{"taxonomy":"category","embeddable":true,"href":"http:\/\/fmdelpueblo.ar\/index.php?rest_route=%2Fwp%2Fv2%2Fcategories&post=11838"},{"taxonomy":"post_tag","embeddable":true,"href":"http:\/\/fmdelpueblo.ar\/index.php?rest_route=%2Fwp%2Fv2%2Ftags&post=11838"}],"curies":[{"name":"wp","href":"https:\/\/api.w.org\/{rel}","templated":true}]}}