{"id":11834,"date":"2022-04-02T06:09:55","date_gmt":"2022-04-02T06:09:55","guid":{"rendered":"https:\/\/fmdelpueblo.ar\/?p=11834"},"modified":"2022-04-02T06:09:55","modified_gmt":"2022-04-02T06:09:55","slug":"quien-es-coco-el-ex-chofer-de-moria-casan-que-termino-involucrado-en-una-causa-narco","status":"publish","type":"post","link":"http:\/\/fmdelpueblo.ar\/?p=11834","title":{"rendered":"Qui\u00e9n es Coco, el ex chofer de Moria Cas\u00e1n que termin\u00f3 involucrado en una causa narco"},"content":{"rendered":"<\/p>\n<p>Jorge Shedeen Zacar\u00edas trabaj\u00f3 con la diva hasta 2019, cuando fue arrestado en un boliche. Pas\u00f3 menos de un mes en la c\u00e1rcel de Bat\u00e1n, pero ahora volvi\u00f3 a caer por el mismo delito. <a href=\"https:\/\/www.perfil.com\/noticias\/policia\/quien-es-coco-el-ex-chofer-de-moria-casan-que-termino-involucrado-en-una-causa-narco.phtml\">Leer m\u00e1s<\/a><\/p>\n","protected":false},"excerpt":{"rendered":"<p>Jorge Shedeen Zacar\u00edas trabaj\u00f3 con la diva hasta 2019, cuando fue arrestado en un boliche. Pas\u00f3 menos de un mes en la c\u00e1rcel de Bat\u00e1n, pero ahora volvi\u00f3 a caer por el mismo delito. Leer m\u00e1s<\/p>\n","protected":false},"author":0,"featured_media":0,"comment_status":"","ping_status":"","sticky":false,"template":"","format":"standard","meta":{"footnotes":""},"categories":[1],"tags":[],"class_list":["post-11834","post","type-post","status-publish","format-standard","hentry","category-sin-categoria"],"_links":{"self":[{"href":"http:\/\/fmdelpueblo.ar\/index.php?rest_route=\/wp\/v2\/posts\/11834","targetHints":{"allow":["GET"]}}],"collection":[{"href":"http:\/\/fmdelpueblo.ar\/index.php?rest_route=\/wp\/v2\/posts"}],"about":[{"href":"http:\/\/fmdelpueblo.ar\/index.php?rest_route=\/wp\/v2\/types\/post"}],"replies":[{"embeddable":true,"href":"http:\/\/fmdelpueblo.ar\/index.php?rest_route=%2Fwp%2Fv2%2Fcomments&post=11834"}],"version-history":[{"count":0,"href":"http:\/\/fmdelpueblo.ar\/index.php?rest_route=\/wp\/v2\/posts\/11834\/revisions"}],"wp:attachment":[{"href":"http:\/\/fmdelpueblo.ar\/index.php?rest_route=%2Fwp%2Fv2%2Fmedia&parent=11834"}],"wp:term":[{"taxonomy":"category","embeddable":true,"href":"http:\/\/fmdelpueblo.ar\/index.php?rest_route=%2Fwp%2Fv2%2Fcategories&post=11834"},{"taxonomy":"post_tag","embeddable":true,"href":"http:\/\/fmdelpueblo.ar\/index.php?rest_route=%2Fwp%2Fv2%2Ftags&post=11834"}],"curies":[{"name":"wp","href":"https:\/\/api.w.org\/{rel}","templated":true}]}}