{"id":11833,"date":"2022-04-02T05:09:02","date_gmt":"2022-04-02T05:09:02","guid":{"rendered":"https:\/\/fmdelpueblo.ar\/?p=11833"},"modified":"2022-04-02T05:09:02","modified_gmt":"2022-04-02T05:09:02","slug":"historia-de-heroes-y-lecciones-aprendidas","status":"publish","type":"post","link":"http:\/\/fmdelpueblo.ar\/?p=11833","title":{"rendered":"Historia de h\u00e9roes y lecciones aprendidas"},"content":{"rendered":"<\/p>\n<p>El jefe del Estado Mayor Conjunto de las Fuerzas Armadas argentinas evoca aqu\u00ed las circunstancias de la guerra, cuatro d\u00e9cadas despu\u00e9s, y subraya la importancia de la pol\u00edtica de Defensa nacional. <a href=\"https:\/\/www.perfil.com\/noticias\/opinion\/historia-de-heroes-y-lecciones-aprendidas.phtml\">Leer m\u00e1s<\/a><\/p>\n","protected":false},"excerpt":{"rendered":"<p>El jefe del Estado Mayor Conjunto de las Fuerzas Armadas argentinas evoca aqu\u00ed las circunstancias de la guerra, cuatro d\u00e9cadas despu\u00e9s, y subraya la importancia de la pol\u00edtica de Defensa nacional. Leer m\u00e1s<\/p>\n","protected":false},"author":0,"featured_media":0,"comment_status":"","ping_status":"","sticky":false,"template":"","format":"standard","meta":{"footnotes":""},"categories":[1],"tags":[],"class_list":["post-11833","post","type-post","status-publish","format-standard","hentry","category-sin-categoria"],"_links":{"self":[{"href":"http:\/\/fmdelpueblo.ar\/index.php?rest_route=\/wp\/v2\/posts\/11833","targetHints":{"allow":["GET"]}}],"collection":[{"href":"http:\/\/fmdelpueblo.ar\/index.php?rest_route=\/wp\/v2\/posts"}],"about":[{"href":"http:\/\/fmdelpueblo.ar\/index.php?rest_route=\/wp\/v2\/types\/post"}],"replies":[{"embeddable":true,"href":"http:\/\/fmdelpueblo.ar\/index.php?rest_route=%2Fwp%2Fv2%2Fcomments&post=11833"}],"version-history":[{"count":0,"href":"http:\/\/fmdelpueblo.ar\/index.php?rest_route=\/wp\/v2\/posts\/11833\/revisions"}],"wp:attachment":[{"href":"http:\/\/fmdelpueblo.ar\/index.php?rest_route=%2Fwp%2Fv2%2Fmedia&parent=11833"}],"wp:term":[{"taxonomy":"category","embeddable":true,"href":"http:\/\/fmdelpueblo.ar\/index.php?rest_route=%2Fwp%2Fv2%2Fcategories&post=11833"},{"taxonomy":"post_tag","embeddable":true,"href":"http:\/\/fmdelpueblo.ar\/index.php?rest_route=%2Fwp%2Fv2%2Ftags&post=11833"}],"curies":[{"name":"wp","href":"https:\/\/api.w.org\/{rel}","templated":true}]}}