{"id":11825,"date":"2022-04-02T05:09:01","date_gmt":"2022-04-02T05:09:01","guid":{"rendered":"https:\/\/fmdelpueblo.ar\/?p=11825"},"modified":"2022-04-02T05:09:01","modified_gmt":"2022-04-02T05:09:01","slug":"con-muchnik-se-fue-un-modelo-de-editor-y-fotografo","status":"publish","type":"post","link":"http:\/\/fmdelpueblo.ar\/?p=11825","title":{"rendered":"Con Muchnik se fue un modelo de editor y fot\u00f3grafo"},"content":{"rendered":"<\/p>\n<p>En Madrid falleci\u00f3 el gran editor argentino Mario Muchnik. Cultiv\u00f3 la fotograf\u00eda y la edici\u00f3n con pasi\u00f3n equivalente. De una intuici\u00f3n envidiable, public\u00f3 en nuestro idioma a los premios Nobel Canetti y Gurnah. <a href=\"https:\/\/www.perfil.com\/noticias\/columnistas\/con-muchnik-se-fue-un-modelo-de-editor-y-fotografo.phtml\">Leer m\u00e1s<\/a><\/p>\n","protected":false},"excerpt":{"rendered":"<p>En Madrid falleci\u00f3 el gran editor argentino Mario Muchnik. Cultiv\u00f3 la fotograf\u00eda y la edici\u00f3n con pasi\u00f3n equivalente. De una intuici\u00f3n envidiable, public\u00f3 en nuestro idioma a los premios Nobel Canetti y Gurnah. Leer m\u00e1s<\/p>\n","protected":false},"author":0,"featured_media":0,"comment_status":"","ping_status":"","sticky":false,"template":"","format":"standard","meta":{"footnotes":""},"categories":[1],"tags":[],"class_list":["post-11825","post","type-post","status-publish","format-standard","hentry","category-sin-categoria"],"_links":{"self":[{"href":"http:\/\/fmdelpueblo.ar\/index.php?rest_route=\/wp\/v2\/posts\/11825","targetHints":{"allow":["GET"]}}],"collection":[{"href":"http:\/\/fmdelpueblo.ar\/index.php?rest_route=\/wp\/v2\/posts"}],"about":[{"href":"http:\/\/fmdelpueblo.ar\/index.php?rest_route=\/wp\/v2\/types\/post"}],"replies":[{"embeddable":true,"href":"http:\/\/fmdelpueblo.ar\/index.php?rest_route=%2Fwp%2Fv2%2Fcomments&post=11825"}],"version-history":[{"count":0,"href":"http:\/\/fmdelpueblo.ar\/index.php?rest_route=\/wp\/v2\/posts\/11825\/revisions"}],"wp:attachment":[{"href":"http:\/\/fmdelpueblo.ar\/index.php?rest_route=%2Fwp%2Fv2%2Fmedia&parent=11825"}],"wp:term":[{"taxonomy":"category","embeddable":true,"href":"http:\/\/fmdelpueblo.ar\/index.php?rest_route=%2Fwp%2Fv2%2Fcategories&post=11825"},{"taxonomy":"post_tag","embeddable":true,"href":"http:\/\/fmdelpueblo.ar\/index.php?rest_route=%2Fwp%2Fv2%2Ftags&post=11825"}],"curies":[{"name":"wp","href":"https:\/\/api.w.org\/{rel}","templated":true}]}}