{"id":11811,"date":"2022-04-02T03:09:08","date_gmt":"2022-04-02T03:09:08","guid":{"rendered":"https:\/\/fmdelpueblo.ar\/?p=11811"},"modified":"2022-04-02T03:09:08","modified_gmt":"2022-04-02T03:09:08","slug":"hernan-lacunza-la-dolarizacion-no-soluciona-el-problema-de-fondo-de-la-inflacion","status":"publish","type":"post","link":"http:\/\/fmdelpueblo.ar\/?p=11811","title":{"rendered":"Hern\u00e1n Lacunza: \u201cLa dolarizaci\u00f3n no soluciona el problema de fondo de la inflaci\u00f3n\u201d"},"content":{"rendered":"<\/p>\n<p>El promotor del reperfilamiento, ex ministro de Econom\u00eda de los \u00faltimos d\u00edas del gobierno de Mauricio Macri, analiza la situaci\u00f3n econ\u00f3mica argentina posacuerdo con el FMI, destierra las afirmaciones del Nobel de Econom\u00eda Joseph Stiglitz y asegura que tom\u00f3 la medida de aplicar el cepo en 2019 porque \u201cla consecuencia era peor\u201d. <a href=\"https:\/\/www.perfil.com\/noticias\/periodismopuro\/hernan-lacunza-la-dolarizacion-no-soluciona-el-problema-de-fondo-de-la-inflacion-por-jorge-fontevecchia.phtml\">Leer m\u00e1s<\/a><\/p>\n","protected":false},"excerpt":{"rendered":"<p>El promotor del reperfilamiento, ex ministro de Econom\u00eda de los \u00faltimos d\u00edas del gobierno de Mauricio Macri, analiza la situaci\u00f3n econ\u00f3mica argentina posacuerdo con el FMI, destierra las afirmaciones del Nobel de Econom\u00eda Joseph Stiglitz y asegura que tom\u00f3 la medida de aplicar el cepo en 2019 porque \u201cla consecuencia era peor\u201d. Leer m\u00e1s<\/p>\n","protected":false},"author":0,"featured_media":0,"comment_status":"","ping_status":"","sticky":false,"template":"","format":"standard","meta":{"footnotes":""},"categories":[1],"tags":[],"class_list":["post-11811","post","type-post","status-publish","format-standard","hentry","category-sin-categoria"],"_links":{"self":[{"href":"http:\/\/fmdelpueblo.ar\/index.php?rest_route=\/wp\/v2\/posts\/11811","targetHints":{"allow":["GET"]}}],"collection":[{"href":"http:\/\/fmdelpueblo.ar\/index.php?rest_route=\/wp\/v2\/posts"}],"about":[{"href":"http:\/\/fmdelpueblo.ar\/index.php?rest_route=\/wp\/v2\/types\/post"}],"replies":[{"embeddable":true,"href":"http:\/\/fmdelpueblo.ar\/index.php?rest_route=%2Fwp%2Fv2%2Fcomments&post=11811"}],"version-history":[{"count":0,"href":"http:\/\/fmdelpueblo.ar\/index.php?rest_route=\/wp\/v2\/posts\/11811\/revisions"}],"wp:attachment":[{"href":"http:\/\/fmdelpueblo.ar\/index.php?rest_route=%2Fwp%2Fv2%2Fmedia&parent=11811"}],"wp:term":[{"taxonomy":"category","embeddable":true,"href":"http:\/\/fmdelpueblo.ar\/index.php?rest_route=%2Fwp%2Fv2%2Fcategories&post=11811"},{"taxonomy":"post_tag","embeddable":true,"href":"http:\/\/fmdelpueblo.ar\/index.php?rest_route=%2Fwp%2Fv2%2Ftags&post=11811"}],"curies":[{"name":"wp","href":"https:\/\/api.w.org\/{rel}","templated":true}]}}