{"id":11806,"date":"2022-04-02T02:09:53","date_gmt":"2022-04-02T02:09:53","guid":{"rendered":"https:\/\/fmdelpueblo.ar\/?p=11806"},"modified":"2022-04-02T02:09:53","modified_gmt":"2022-04-02T02:09:53","slug":"otro-signo-de-grieta-alberto-fernandez-y-cristina-kirchner-van-a-actos-separados-por-malvinas","status":"publish","type":"post","link":"http:\/\/fmdelpueblo.ar\/?p=11806","title":{"rendered":"Otro signo de grieta: Alberto Fern\u00e1ndez y Cristina Kirchner van a actos separados por Malvinas"},"content":{"rendered":"<\/p>\n<p>La vicepresidenta asistir\u00e1 a una entrega de diplomas a ex combatientes junto a Sergio Massa en el Congreso, mientras que el presidente encabezar\u00e1 un acto en el Museo de Malvinas. <a href=\"https:\/\/www.perfil.com\/noticias\/politica\/otro-signo-ruptura-alberto-fernandez-cristina-kirchner-van-actos-separados-malvinas.phtml\">Leer m\u00e1s<\/a><\/p>\n","protected":false},"excerpt":{"rendered":"<p>La vicepresidenta asistir\u00e1 a una entrega de diplomas a ex combatientes junto a Sergio Massa en el Congreso, mientras que el presidente encabezar\u00e1 un acto en el Museo de Malvinas. Leer m\u00e1s<\/p>\n","protected":false},"author":0,"featured_media":0,"comment_status":"","ping_status":"","sticky":false,"template":"","format":"standard","meta":{"footnotes":""},"categories":[1],"tags":[],"class_list":["post-11806","post","type-post","status-publish","format-standard","hentry","category-sin-categoria"],"_links":{"self":[{"href":"http:\/\/fmdelpueblo.ar\/index.php?rest_route=\/wp\/v2\/posts\/11806","targetHints":{"allow":["GET"]}}],"collection":[{"href":"http:\/\/fmdelpueblo.ar\/index.php?rest_route=\/wp\/v2\/posts"}],"about":[{"href":"http:\/\/fmdelpueblo.ar\/index.php?rest_route=\/wp\/v2\/types\/post"}],"replies":[{"embeddable":true,"href":"http:\/\/fmdelpueblo.ar\/index.php?rest_route=%2Fwp%2Fv2%2Fcomments&post=11806"}],"version-history":[{"count":0,"href":"http:\/\/fmdelpueblo.ar\/index.php?rest_route=\/wp\/v2\/posts\/11806\/revisions"}],"wp:attachment":[{"href":"http:\/\/fmdelpueblo.ar\/index.php?rest_route=%2Fwp%2Fv2%2Fmedia&parent=11806"}],"wp:term":[{"taxonomy":"category","embeddable":true,"href":"http:\/\/fmdelpueblo.ar\/index.php?rest_route=%2Fwp%2Fv2%2Fcategories&post=11806"},{"taxonomy":"post_tag","embeddable":true,"href":"http:\/\/fmdelpueblo.ar\/index.php?rest_route=%2Fwp%2Fv2%2Ftags&post=11806"}],"curies":[{"name":"wp","href":"https:\/\/api.w.org\/{rel}","templated":true}]}}