{"id":11793,"date":"2022-04-02T00:09:22","date_gmt":"2022-04-02T00:09:22","guid":{"rendered":"https:\/\/fmdelpueblo.ar\/?p=11793"},"modified":"2022-04-02T00:09:22","modified_gmt":"2022-04-02T00:09:22","slug":"accidente-fatal-en-la-autopista-riccheri-a-pocos-metros-de-una-protesta","status":"publish","type":"post","link":"http:\/\/fmdelpueblo.ar\/?p=11793","title":{"rendered":"Accidente fatal en la autopista Riccheri a pocos metros de una protesta"},"content":{"rendered":"<\/p>\n<p>Un automovilista muri\u00f3 a causa de un fat\u00eddico accidente en el kil\u00f3metro 18 de la autopista que conecta la Ciudad de Buenos Aires con Ezeiza en medio del corte total de los vecinos en reclamo de luz. <a href=\"https:\/\/www.perfil.com\/noticias\/actualidad\/accidente-fatal-en-la-autopista-ricchieri-hay-demoras-mano-a-ezeiza.phtml\">Leer m\u00e1s<\/a><\/p>\n","protected":false},"excerpt":{"rendered":"<p>Un automovilista muri\u00f3 a causa de un fat\u00eddico accidente en el kil\u00f3metro 18 de la autopista que conecta la Ciudad de Buenos Aires con Ezeiza en medio del corte total de los vecinos en reclamo de luz. Leer m\u00e1s<\/p>\n","protected":false},"author":0,"featured_media":0,"comment_status":"","ping_status":"","sticky":false,"template":"","format":"standard","meta":{"footnotes":""},"categories":[1],"tags":[],"class_list":["post-11793","post","type-post","status-publish","format-standard","hentry","category-sin-categoria"],"_links":{"self":[{"href":"http:\/\/fmdelpueblo.ar\/index.php?rest_route=\/wp\/v2\/posts\/11793","targetHints":{"allow":["GET"]}}],"collection":[{"href":"http:\/\/fmdelpueblo.ar\/index.php?rest_route=\/wp\/v2\/posts"}],"about":[{"href":"http:\/\/fmdelpueblo.ar\/index.php?rest_route=\/wp\/v2\/types\/post"}],"replies":[{"embeddable":true,"href":"http:\/\/fmdelpueblo.ar\/index.php?rest_route=%2Fwp%2Fv2%2Fcomments&post=11793"}],"version-history":[{"count":0,"href":"http:\/\/fmdelpueblo.ar\/index.php?rest_route=\/wp\/v2\/posts\/11793\/revisions"}],"wp:attachment":[{"href":"http:\/\/fmdelpueblo.ar\/index.php?rest_route=%2Fwp%2Fv2%2Fmedia&parent=11793"}],"wp:term":[{"taxonomy":"category","embeddable":true,"href":"http:\/\/fmdelpueblo.ar\/index.php?rest_route=%2Fwp%2Fv2%2Fcategories&post=11793"},{"taxonomy":"post_tag","embeddable":true,"href":"http:\/\/fmdelpueblo.ar\/index.php?rest_route=%2Fwp%2Fv2%2Ftags&post=11793"}],"curies":[{"name":"wp","href":"https:\/\/api.w.org\/{rel}","templated":true}]}}