{"id":11787,"date":"2022-04-01T22:09:14","date_gmt":"2022-04-01T22:09:14","guid":{"rendered":"https:\/\/fmdelpueblo.ar\/?p=11787"},"modified":"2022-04-01T22:09:14","modified_gmt":"2022-04-01T22:09:14","slug":"estiman-los-alimentos-subieron-un-77-en-marzo","status":"publish","type":"post","link":"http:\/\/fmdelpueblo.ar\/?p=11787","title":{"rendered":"Estiman los alimentos subieron un 7,7% en marzo"},"content":{"rendered":"<\/p>\n<p>El aumento de los precios en el segmento Alimentos y Bebidas se habr\u00eda triplicado en el primer trimestre de 2022, en comparaci\u00f3n con el mismo per\u00edodo de 2021.<br \/>\n <a href=\"https:\/\/www.perfil.com\/noticias\/economia\/preven-que-la-suba-de-alimentos-en-marzo-trepo-hasta-77.phtml\">Leer m\u00e1s<\/a><\/p>\n","protected":false},"excerpt":{"rendered":"<p>El aumento de los precios en el segmento Alimentos y Bebidas se habr\u00eda triplicado en el primer trimestre de 2022, en comparaci\u00f3n con el mismo per\u00edodo de 2021. Leer m\u00e1s<\/p>\n","protected":false},"author":0,"featured_media":0,"comment_status":"","ping_status":"","sticky":false,"template":"","format":"standard","meta":{"footnotes":""},"categories":[1],"tags":[],"class_list":["post-11787","post","type-post","status-publish","format-standard","hentry","category-sin-categoria"],"_links":{"self":[{"href":"http:\/\/fmdelpueblo.ar\/index.php?rest_route=\/wp\/v2\/posts\/11787","targetHints":{"allow":["GET"]}}],"collection":[{"href":"http:\/\/fmdelpueblo.ar\/index.php?rest_route=\/wp\/v2\/posts"}],"about":[{"href":"http:\/\/fmdelpueblo.ar\/index.php?rest_route=\/wp\/v2\/types\/post"}],"replies":[{"embeddable":true,"href":"http:\/\/fmdelpueblo.ar\/index.php?rest_route=%2Fwp%2Fv2%2Fcomments&post=11787"}],"version-history":[{"count":0,"href":"http:\/\/fmdelpueblo.ar\/index.php?rest_route=\/wp\/v2\/posts\/11787\/revisions"}],"wp:attachment":[{"href":"http:\/\/fmdelpueblo.ar\/index.php?rest_route=%2Fwp%2Fv2%2Fmedia&parent=11787"}],"wp:term":[{"taxonomy":"category","embeddable":true,"href":"http:\/\/fmdelpueblo.ar\/index.php?rest_route=%2Fwp%2Fv2%2Fcategories&post=11787"},{"taxonomy":"post_tag","embeddable":true,"href":"http:\/\/fmdelpueblo.ar\/index.php?rest_route=%2Fwp%2Fv2%2Ftags&post=11787"}],"curies":[{"name":"wp","href":"https:\/\/api.w.org\/{rel}","templated":true}]}}