{"id":11785,"date":"2022-04-01T22:09:14","date_gmt":"2022-04-01T22:09:14","guid":{"rendered":"https:\/\/fmdelpueblo.ar\/?p=11785"},"modified":"2022-04-01T22:09:14","modified_gmt":"2022-04-01T22:09:14","slug":"que-es-ser-un-halcon-el-mensaje-de-marcelo-peretta-a-los-anti-sistema","status":"publish","type":"post","link":"http:\/\/fmdelpueblo.ar\/?p=11785","title":{"rendered":"\u00ab\u00bfQu\u00e9 es ser un halc\u00f3n?\u00bb: el mensaje de Marcelo Peretta a los \u00abanti-sistema\u00bb"},"content":{"rendered":"<\/p>\n<p>El\u00a0secretario general de Farmac\u00e9uticos y Bioqu\u00edmicos public\u00f3 un video donde adem\u00e1s de candidatearse para las elecciones del 2023 dej\u00f3 un gui\u00f1o a Javier Milei y elogi\u00f3 a quienes en pandemia salieron a manifestarse contra la vacunaci\u00f3n obligatoria, el pase sanitario y el cierre de las escuelas.\u00a0<br \/>\n <a href=\"https:\/\/www.perfil.com\/noticias\/politica\/que-es-ser-un-halcon-mensaje-marcelo-peretta-anti-sistema.phtml\">Leer m\u00e1s<\/a><\/p>\n","protected":false},"excerpt":{"rendered":"<p>El\u00a0secretario general de Farmac\u00e9uticos y Bioqu\u00edmicos public\u00f3 un video donde adem\u00e1s de candidatearse para las elecciones del 2023 dej\u00f3 un gui\u00f1o a Javier Milei y elogi\u00f3 a quienes en pandemia salieron a manifestarse contra la vacunaci\u00f3n obligatoria, el pase sanitario y el cierre de las escuelas.\u00a0 Leer m\u00e1s<\/p>\n","protected":false},"author":0,"featured_media":0,"comment_status":"","ping_status":"","sticky":false,"template":"","format":"standard","meta":{"footnotes":""},"categories":[1],"tags":[],"class_list":["post-11785","post","type-post","status-publish","format-standard","hentry","category-sin-categoria"],"_links":{"self":[{"href":"http:\/\/fmdelpueblo.ar\/index.php?rest_route=\/wp\/v2\/posts\/11785","targetHints":{"allow":["GET"]}}],"collection":[{"href":"http:\/\/fmdelpueblo.ar\/index.php?rest_route=\/wp\/v2\/posts"}],"about":[{"href":"http:\/\/fmdelpueblo.ar\/index.php?rest_route=\/wp\/v2\/types\/post"}],"replies":[{"embeddable":true,"href":"http:\/\/fmdelpueblo.ar\/index.php?rest_route=%2Fwp%2Fv2%2Fcomments&post=11785"}],"version-history":[{"count":0,"href":"http:\/\/fmdelpueblo.ar\/index.php?rest_route=\/wp\/v2\/posts\/11785\/revisions"}],"wp:attachment":[{"href":"http:\/\/fmdelpueblo.ar\/index.php?rest_route=%2Fwp%2Fv2%2Fmedia&parent=11785"}],"wp:term":[{"taxonomy":"category","embeddable":true,"href":"http:\/\/fmdelpueblo.ar\/index.php?rest_route=%2Fwp%2Fv2%2Fcategories&post=11785"},{"taxonomy":"post_tag","embeddable":true,"href":"http:\/\/fmdelpueblo.ar\/index.php?rest_route=%2Fwp%2Fv2%2Ftags&post=11785"}],"curies":[{"name":"wp","href":"https:\/\/api.w.org\/{rel}","templated":true}]}}