{"id":11784,"date":"2022-04-01T22:09:14","date_gmt":"2022-04-01T22:09:14","guid":{"rendered":"https:\/\/fmdelpueblo.ar\/?p=11784"},"modified":"2022-04-01T22:09:14","modified_gmt":"2022-04-01T22:09:14","slug":"el-gobierno-anuncio-que-normalizara-todas-sus-fronteras-y-habra-nuevos-requisitos-para-entrar-y-salir-del-pais","status":"publish","type":"post","link":"http:\/\/fmdelpueblo.ar\/?p=11784","title":{"rendered":"El gobierno anunci\u00f3 que normalizar\u00e1 todas sus fronteras y habr\u00e1 nuevos requisitos para entrar y salir del pa\u00eds"},"content":{"rendered":"<\/p>\n<p>As\u00ed los transmiti\u00f3 el ministro de Interior, Eduardo \u00abWado\u00bb De Pedro, a los gobernadores de las 15 provincias con cruces fronterizos de la Argentina. Mir\u00e1 los nuevos requisitos.  <a href=\"https:\/\/www.perfil.com\/noticias\/politica\/gobierno-anuncio-normalizara-todas-sus-fronteras-habra-nuevos-requisitos-entrar-salir-pais.phtml\">Leer m\u00e1s<\/a><\/p>\n","protected":false},"excerpt":{"rendered":"<p>As\u00ed los transmiti\u00f3 el ministro de Interior, Eduardo \u00abWado\u00bb De Pedro, a los gobernadores de las 15 provincias con cruces fronterizos de la Argentina. Mir\u00e1 los nuevos requisitos. Leer m\u00e1s<\/p>\n","protected":false},"author":0,"featured_media":0,"comment_status":"","ping_status":"","sticky":false,"template":"","format":"standard","meta":{"footnotes":""},"categories":[1],"tags":[],"class_list":["post-11784","post","type-post","status-publish","format-standard","hentry","category-sin-categoria"],"_links":{"self":[{"href":"http:\/\/fmdelpueblo.ar\/index.php?rest_route=\/wp\/v2\/posts\/11784","targetHints":{"allow":["GET"]}}],"collection":[{"href":"http:\/\/fmdelpueblo.ar\/index.php?rest_route=\/wp\/v2\/posts"}],"about":[{"href":"http:\/\/fmdelpueblo.ar\/index.php?rest_route=\/wp\/v2\/types\/post"}],"replies":[{"embeddable":true,"href":"http:\/\/fmdelpueblo.ar\/index.php?rest_route=%2Fwp%2Fv2%2Fcomments&post=11784"}],"version-history":[{"count":0,"href":"http:\/\/fmdelpueblo.ar\/index.php?rest_route=\/wp\/v2\/posts\/11784\/revisions"}],"wp:attachment":[{"href":"http:\/\/fmdelpueblo.ar\/index.php?rest_route=%2Fwp%2Fv2%2Fmedia&parent=11784"}],"wp:term":[{"taxonomy":"category","embeddable":true,"href":"http:\/\/fmdelpueblo.ar\/index.php?rest_route=%2Fwp%2Fv2%2Fcategories&post=11784"},{"taxonomy":"post_tag","embeddable":true,"href":"http:\/\/fmdelpueblo.ar\/index.php?rest_route=%2Fwp%2Fv2%2Ftags&post=11784"}],"curies":[{"name":"wp","href":"https:\/\/api.w.org\/{rel}","templated":true}]}}