{"id":11781,"date":"2022-04-01T20:10:40","date_gmt":"2022-04-01T20:10:40","guid":{"rendered":"https:\/\/fmdelpueblo.ar\/?p=11781"},"modified":"2022-04-01T20:10:40","modified_gmt":"2022-04-01T20:10:40","slug":"afiches-contra-cristina-kirchner-que-dice-la-justicia-sobre-el-autor-intelectual","status":"publish","type":"post","link":"http:\/\/fmdelpueblo.ar\/?p=11781","title":{"rendered":"Afiches contra Cristina Kirchner: qu\u00e9 dice la Justicia sobre el autor intelectual"},"content":{"rendered":"<\/p>\n<p>Uno de los sospechosos de organizar los afiches contra la vicepresidenta ser\u00eda un empresario de comunicaci\u00f3n cercano al Gobierno de Mauricio Macri. <a href=\"https:\/\/www.perfil.com\/noticias\/politica\/afiches-contra-cristina-kirchner-que-dice-la-justicia-sobre-el-autor.phtml\">Leer m\u00e1s<\/a><\/p>\n","protected":false},"excerpt":{"rendered":"<p>Uno de los sospechosos de organizar los afiches contra la vicepresidenta ser\u00eda un empresario de comunicaci\u00f3n cercano al Gobierno de Mauricio Macri. Leer m\u00e1s<\/p>\n","protected":false},"author":0,"featured_media":0,"comment_status":"","ping_status":"","sticky":false,"template":"","format":"standard","meta":{"footnotes":""},"categories":[1],"tags":[],"class_list":["post-11781","post","type-post","status-publish","format-standard","hentry","category-sin-categoria"],"_links":{"self":[{"href":"http:\/\/fmdelpueblo.ar\/index.php?rest_route=\/wp\/v2\/posts\/11781","targetHints":{"allow":["GET"]}}],"collection":[{"href":"http:\/\/fmdelpueblo.ar\/index.php?rest_route=\/wp\/v2\/posts"}],"about":[{"href":"http:\/\/fmdelpueblo.ar\/index.php?rest_route=\/wp\/v2\/types\/post"}],"replies":[{"embeddable":true,"href":"http:\/\/fmdelpueblo.ar\/index.php?rest_route=%2Fwp%2Fv2%2Fcomments&post=11781"}],"version-history":[{"count":0,"href":"http:\/\/fmdelpueblo.ar\/index.php?rest_route=\/wp\/v2\/posts\/11781\/revisions"}],"wp:attachment":[{"href":"http:\/\/fmdelpueblo.ar\/index.php?rest_route=%2Fwp%2Fv2%2Fmedia&parent=11781"}],"wp:term":[{"taxonomy":"category","embeddable":true,"href":"http:\/\/fmdelpueblo.ar\/index.php?rest_route=%2Fwp%2Fv2%2Fcategories&post=11781"},{"taxonomy":"post_tag","embeddable":true,"href":"http:\/\/fmdelpueblo.ar\/index.php?rest_route=%2Fwp%2Fv2%2Ftags&post=11781"}],"curies":[{"name":"wp","href":"https:\/\/api.w.org\/{rel}","templated":true}]}}