{"id":11780,"date":"2022-04-01T20:10:40","date_gmt":"2022-04-01T20:10:40","guid":{"rendered":"https:\/\/fmdelpueblo.ar\/?p=11780"},"modified":"2022-04-01T20:10:40","modified_gmt":"2022-04-01T20:10:40","slug":"liberan-el-acampe-de-la-9-de-julio-pero-ya-analizan-realizar-otro-el-13-de-abril","status":"publish","type":"post","link":"http:\/\/fmdelpueblo.ar\/?p=11780","title":{"rendered":"Liberan el acampe de la 9 de Julio pero ya analizan realizar otro el 13 de abril"},"content":{"rendered":"<\/p>\n<p>Los manifestantes se retiraron del centro porte\u00f1o pero a\u00fan no obtuvieron respuestas para ampliar beneficios sociales del Estado. Piensan en volver a manifestarse, aunque a\u00fan no definieron si ser\u00e1 un acampe o no.  <a href=\"https:\/\/www.perfil.com\/noticias\/politica\/liberan-acampe-9-de-julio-analizan-realizar-uno-nuevo-13-abril.phtml\">Leer m\u00e1s<\/a><\/p>\n","protected":false},"excerpt":{"rendered":"<p>Los manifestantes se retiraron del centro porte\u00f1o pero a\u00fan no obtuvieron respuestas para ampliar beneficios sociales del Estado. Piensan en volver a manifestarse, aunque a\u00fan no definieron si ser\u00e1 un acampe o no. Leer m\u00e1s<\/p>\n","protected":false},"author":0,"featured_media":0,"comment_status":"","ping_status":"","sticky":false,"template":"","format":"standard","meta":{"footnotes":""},"categories":[1],"tags":[],"class_list":["post-11780","post","type-post","status-publish","format-standard","hentry","category-sin-categoria"],"_links":{"self":[{"href":"http:\/\/fmdelpueblo.ar\/index.php?rest_route=\/wp\/v2\/posts\/11780","targetHints":{"allow":["GET"]}}],"collection":[{"href":"http:\/\/fmdelpueblo.ar\/index.php?rest_route=\/wp\/v2\/posts"}],"about":[{"href":"http:\/\/fmdelpueblo.ar\/index.php?rest_route=\/wp\/v2\/types\/post"}],"replies":[{"embeddable":true,"href":"http:\/\/fmdelpueblo.ar\/index.php?rest_route=%2Fwp%2Fv2%2Fcomments&post=11780"}],"version-history":[{"count":0,"href":"http:\/\/fmdelpueblo.ar\/index.php?rest_route=\/wp\/v2\/posts\/11780\/revisions"}],"wp:attachment":[{"href":"http:\/\/fmdelpueblo.ar\/index.php?rest_route=%2Fwp%2Fv2%2Fmedia&parent=11780"}],"wp:term":[{"taxonomy":"category","embeddable":true,"href":"http:\/\/fmdelpueblo.ar\/index.php?rest_route=%2Fwp%2Fv2%2Fcategories&post=11780"},{"taxonomy":"post_tag","embeddable":true,"href":"http:\/\/fmdelpueblo.ar\/index.php?rest_route=%2Fwp%2Fv2%2Ftags&post=11780"}],"curies":[{"name":"wp","href":"https:\/\/api.w.org\/{rel}","templated":true}]}}