{"id":11779,"date":"2022-04-01T20:10:40","date_gmt":"2022-04-01T20:10:40","guid":{"rendered":"https:\/\/fmdelpueblo.ar\/?p=11779"},"modified":"2022-04-01T20:10:40","modified_gmt":"2022-04-01T20:10:40","slug":"el-frente-de-todos-y-la-necesidad-de-un-verdadero-gobierno-de-coalicion","status":"publish","type":"post","link":"http:\/\/fmdelpueblo.ar\/?p=11779","title":{"rendered":"El Frente de Todos y la necesidad de un verdadero gobierno de coalici\u00f3n"},"content":{"rendered":"<\/p>\n<p>Las internas pol\u00edticas son el plato principal del men\u00fa del momento en las principales fuerzas pol\u00edticas de la Argentina. Ante la fragilidad que atraviesa el gobierno nacional puertas adentro, es quiz\u00e1s oportuno masticar soluciones a problemas recurrentes. <a href=\"https:\/\/www.perfil.com\/noticias\/opinion\/matias-micheloud-el-frente-de-todos-y-la-necesidad-de-un-verdadero-gobierno-de-coalicion.phtml\">Leer m\u00e1s<\/a><\/p>\n","protected":false},"excerpt":{"rendered":"<p>Las internas pol\u00edticas son el plato principal del men\u00fa del momento en las principales fuerzas pol\u00edticas de la Argentina. Ante la fragilidad que atraviesa el gobierno nacional puertas adentro, es quiz\u00e1s oportuno masticar soluciones a problemas recurrentes. Leer m\u00e1s<\/p>\n","protected":false},"author":0,"featured_media":0,"comment_status":"","ping_status":"","sticky":false,"template":"","format":"standard","meta":{"footnotes":""},"categories":[1],"tags":[],"class_list":["post-11779","post","type-post","status-publish","format-standard","hentry","category-sin-categoria"],"_links":{"self":[{"href":"http:\/\/fmdelpueblo.ar\/index.php?rest_route=\/wp\/v2\/posts\/11779","targetHints":{"allow":["GET"]}}],"collection":[{"href":"http:\/\/fmdelpueblo.ar\/index.php?rest_route=\/wp\/v2\/posts"}],"about":[{"href":"http:\/\/fmdelpueblo.ar\/index.php?rest_route=\/wp\/v2\/types\/post"}],"replies":[{"embeddable":true,"href":"http:\/\/fmdelpueblo.ar\/index.php?rest_route=%2Fwp%2Fv2%2Fcomments&post=11779"}],"version-history":[{"count":0,"href":"http:\/\/fmdelpueblo.ar\/index.php?rest_route=\/wp\/v2\/posts\/11779\/revisions"}],"wp:attachment":[{"href":"http:\/\/fmdelpueblo.ar\/index.php?rest_route=%2Fwp%2Fv2%2Fmedia&parent=11779"}],"wp:term":[{"taxonomy":"category","embeddable":true,"href":"http:\/\/fmdelpueblo.ar\/index.php?rest_route=%2Fwp%2Fv2%2Fcategories&post=11779"},{"taxonomy":"post_tag","embeddable":true,"href":"http:\/\/fmdelpueblo.ar\/index.php?rest_route=%2Fwp%2Fv2%2Ftags&post=11779"}],"curies":[{"name":"wp","href":"https:\/\/api.w.org\/{rel}","templated":true}]}}