{"id":11778,"date":"2022-04-01T20:10:40","date_gmt":"2022-04-01T20:10:40","guid":{"rendered":"https:\/\/fmdelpueblo.ar\/?p=11778"},"modified":"2022-04-01T20:10:40","modified_gmt":"2022-04-01T20:10:40","slug":"el-ojo-de-perfil-asi-quedo-la-9-de-julio-tras-el-acampe-de-los-grupos-piqueteros","status":"publish","type":"post","link":"http:\/\/fmdelpueblo.ar\/?p=11778","title":{"rendered":"El ojo de Perfil: as\u00ed qued\u00f3 la 9 de Julio tras el acampe de los grupos piqueteros"},"content":{"rendered":"<\/p>\n<p>La basura y los desechos de los ba\u00f1os qu\u00edmicos, alquilados por los movimientos sociales, quedaron sobre el asfalto del centro porte\u00f1o. <a href=\"https:\/\/www.perfil.com\/noticias\/sociedad\/en-fotos-asi-quedo-la-9-de-julio-tras-los-tres-dias-del-acampe-de-los-grupos-piqueteros.phtml\">Leer m\u00e1s<\/a><\/p>\n","protected":false},"excerpt":{"rendered":"<p>La basura y los desechos de los ba\u00f1os qu\u00edmicos, alquilados por los movimientos sociales, quedaron sobre el asfalto del centro porte\u00f1o. Leer m\u00e1s<\/p>\n","protected":false},"author":0,"featured_media":0,"comment_status":"","ping_status":"","sticky":false,"template":"","format":"standard","meta":{"footnotes":""},"categories":[1],"tags":[],"class_list":["post-11778","post","type-post","status-publish","format-standard","hentry","category-sin-categoria"],"_links":{"self":[{"href":"http:\/\/fmdelpueblo.ar\/index.php?rest_route=\/wp\/v2\/posts\/11778","targetHints":{"allow":["GET"]}}],"collection":[{"href":"http:\/\/fmdelpueblo.ar\/index.php?rest_route=\/wp\/v2\/posts"}],"about":[{"href":"http:\/\/fmdelpueblo.ar\/index.php?rest_route=\/wp\/v2\/types\/post"}],"replies":[{"embeddable":true,"href":"http:\/\/fmdelpueblo.ar\/index.php?rest_route=%2Fwp%2Fv2%2Fcomments&post=11778"}],"version-history":[{"count":0,"href":"http:\/\/fmdelpueblo.ar\/index.php?rest_route=\/wp\/v2\/posts\/11778\/revisions"}],"wp:attachment":[{"href":"http:\/\/fmdelpueblo.ar\/index.php?rest_route=%2Fwp%2Fv2%2Fmedia&parent=11778"}],"wp:term":[{"taxonomy":"category","embeddable":true,"href":"http:\/\/fmdelpueblo.ar\/index.php?rest_route=%2Fwp%2Fv2%2Fcategories&post=11778"},{"taxonomy":"post_tag","embeddable":true,"href":"http:\/\/fmdelpueblo.ar\/index.php?rest_route=%2Fwp%2Fv2%2Ftags&post=11778"}],"curies":[{"name":"wp","href":"https:\/\/api.w.org\/{rel}","templated":true}]}}