{"id":11777,"date":"2022-04-01T20:10:39","date_gmt":"2022-04-01T20:10:39","guid":{"rendered":"https:\/\/fmdelpueblo.ar\/?p=11777"},"modified":"2022-04-01T20:10:39","modified_gmt":"2022-04-01T20:10:39","slug":"el-papa-francisco-pidio-perdon-a-los-pueblos-originarios-de-canada-e-insistio-con-la-demanda-de-paz-en-europa","status":"publish","type":"post","link":"http:\/\/fmdelpueblo.ar\/?p=11777","title":{"rendered":"El Papa Francisco pidi\u00f3 perd\u00f3n a los pueblos originarios de Canad\u00e1 e insisti\u00f3 con la demanda de paz en Europa"},"content":{"rendered":"<\/p>\n<p>Bergoglio expres\u00f3 que siente \u201cdolor y verg\u00fcenza\u201d por el papel de los cat\u00f3licos con las culturas originarias y manifest\u00f3 su repudio a la guerra que \u201cdevasta el futuro de la sociedad\u201d. <a href=\"https:\/\/www.perfil.com\/noticias\/actualidad\/el-papa-francisco-pidio-perdon-a-los-pueblos-originarios-de-canada-e-insistio-con-la-demanda-de-paz-en-europa.phtml\">Leer m\u00e1s<\/a><\/p>\n","protected":false},"excerpt":{"rendered":"<p>Bergoglio expres\u00f3 que siente \u201cdolor y verg\u00fcenza\u201d por el papel de los cat\u00f3licos con las culturas originarias y manifest\u00f3 su repudio a la guerra que \u201cdevasta el futuro de la sociedad\u201d. Leer m\u00e1s<\/p>\n","protected":false},"author":0,"featured_media":0,"comment_status":"","ping_status":"","sticky":false,"template":"","format":"standard","meta":{"footnotes":""},"categories":[1],"tags":[],"class_list":["post-11777","post","type-post","status-publish","format-standard","hentry","category-sin-categoria"],"_links":{"self":[{"href":"http:\/\/fmdelpueblo.ar\/index.php?rest_route=\/wp\/v2\/posts\/11777","targetHints":{"allow":["GET"]}}],"collection":[{"href":"http:\/\/fmdelpueblo.ar\/index.php?rest_route=\/wp\/v2\/posts"}],"about":[{"href":"http:\/\/fmdelpueblo.ar\/index.php?rest_route=\/wp\/v2\/types\/post"}],"replies":[{"embeddable":true,"href":"http:\/\/fmdelpueblo.ar\/index.php?rest_route=%2Fwp%2Fv2%2Fcomments&post=11777"}],"version-history":[{"count":0,"href":"http:\/\/fmdelpueblo.ar\/index.php?rest_route=\/wp\/v2\/posts\/11777\/revisions"}],"wp:attachment":[{"href":"http:\/\/fmdelpueblo.ar\/index.php?rest_route=%2Fwp%2Fv2%2Fmedia&parent=11777"}],"wp:term":[{"taxonomy":"category","embeddable":true,"href":"http:\/\/fmdelpueblo.ar\/index.php?rest_route=%2Fwp%2Fv2%2Fcategories&post=11777"},{"taxonomy":"post_tag","embeddable":true,"href":"http:\/\/fmdelpueblo.ar\/index.php?rest_route=%2Fwp%2Fv2%2Ftags&post=11777"}],"curies":[{"name":"wp","href":"https:\/\/api.w.org\/{rel}","templated":true}]}}