{"id":11775,"date":"2022-04-01T18:10:25","date_gmt":"2022-04-01T18:10:25","guid":{"rendered":"https:\/\/fmdelpueblo.ar\/?p=11775"},"modified":"2022-04-01T18:10:25","modified_gmt":"2022-04-01T18:10:25","slug":"redes-sociales-para-el-bien-comun-a-favor-o-en-contra-de-la-regulacion-que-quiere-aplicar-el-gobierno","status":"publish","type":"post","link":"http:\/\/fmdelpueblo.ar\/?p=11775","title":{"rendered":"Redes sociales para el bien com\u00fan: \u00bfa favor o en contra de la regulaci\u00f3n que quiere aplicar el Gobierno?"},"content":{"rendered":"<\/p>\n<p>A\u00fan no podemos juzgar una propuesta de la que ni siquiera conocemos todo su contenido. S\u00ed podemos asegurar que no est\u00e1n buenas las cr\u00edticas opositoras \u00fanicamente por el color pol\u00edtico del padre del proyecto. <a href=\"https:\/\/www.perfil.com\/noticias\/opinion\/sebastian-gamen-redes-sociales-para-el-bien-comun-a-favor-o-en-contra-de-la-regulacion-que-quiere-aplicar-el-gobierno.phtml\">Leer m\u00e1s<\/a><\/p>\n","protected":false},"excerpt":{"rendered":"<p>A\u00fan no podemos juzgar una propuesta de la que ni siquiera conocemos todo su contenido. S\u00ed podemos asegurar que no est\u00e1n buenas las cr\u00edticas opositoras \u00fanicamente por el color pol\u00edtico del padre del proyecto. Leer m\u00e1s<\/p>\n","protected":false},"author":0,"featured_media":0,"comment_status":"","ping_status":"","sticky":false,"template":"","format":"standard","meta":{"footnotes":""},"categories":[1],"tags":[],"class_list":["post-11775","post","type-post","status-publish","format-standard","hentry","category-sin-categoria"],"_links":{"self":[{"href":"http:\/\/fmdelpueblo.ar\/index.php?rest_route=\/wp\/v2\/posts\/11775","targetHints":{"allow":["GET"]}}],"collection":[{"href":"http:\/\/fmdelpueblo.ar\/index.php?rest_route=\/wp\/v2\/posts"}],"about":[{"href":"http:\/\/fmdelpueblo.ar\/index.php?rest_route=\/wp\/v2\/types\/post"}],"replies":[{"embeddable":true,"href":"http:\/\/fmdelpueblo.ar\/index.php?rest_route=%2Fwp%2Fv2%2Fcomments&post=11775"}],"version-history":[{"count":0,"href":"http:\/\/fmdelpueblo.ar\/index.php?rest_route=\/wp\/v2\/posts\/11775\/revisions"}],"wp:attachment":[{"href":"http:\/\/fmdelpueblo.ar\/index.php?rest_route=%2Fwp%2Fv2%2Fmedia&parent=11775"}],"wp:term":[{"taxonomy":"category","embeddable":true,"href":"http:\/\/fmdelpueblo.ar\/index.php?rest_route=%2Fwp%2Fv2%2Fcategories&post=11775"},{"taxonomy":"post_tag","embeddable":true,"href":"http:\/\/fmdelpueblo.ar\/index.php?rest_route=%2Fwp%2Fv2%2Ftags&post=11775"}],"curies":[{"name":"wp","href":"https:\/\/api.w.org\/{rel}","templated":true}]}}