{"id":11769,"date":"2022-04-01T18:10:24","date_gmt":"2022-04-01T18:10:24","guid":{"rendered":"https:\/\/fmdelpueblo.ar\/?p=11769"},"modified":"2022-04-01T18:10:24","modified_gmt":"2022-04-01T18:10:24","slug":"pierde-fuerza-la-actividad-fabril-en-los-estados-unidos","status":"publish","type":"post","link":"http:\/\/fmdelpueblo.ar\/?p=11769","title":{"rendered":"Pierde fuerza la actividad fabril en los Estados Unidos"},"content":{"rendered":"<\/p>\n<p>Seg\u00fan datos oficiales cay\u00f3 al nivel m\u00e1s bajo desde 2020 debido a un aumento m\u00e1s lento en los nuevos pedidos y la producci\u00f3n. <a href=\"https:\/\/www.perfil.com\/noticias\/bloomberg\/bc-actividad-fabril-eeuu-pierde-fuerza-crecen-presiones-precios.phtml\">Leer m\u00e1s<\/a><\/p>\n","protected":false},"excerpt":{"rendered":"<p>Seg\u00fan datos oficiales cay\u00f3 al nivel m\u00e1s bajo desde 2020 debido a un aumento m\u00e1s lento en los nuevos pedidos y la producci\u00f3n. Leer m\u00e1s<\/p>\n","protected":false},"author":0,"featured_media":0,"comment_status":"","ping_status":"","sticky":false,"template":"","format":"standard","meta":{"footnotes":""},"categories":[1],"tags":[],"class_list":["post-11769","post","type-post","status-publish","format-standard","hentry","category-sin-categoria"],"_links":{"self":[{"href":"http:\/\/fmdelpueblo.ar\/index.php?rest_route=\/wp\/v2\/posts\/11769","targetHints":{"allow":["GET"]}}],"collection":[{"href":"http:\/\/fmdelpueblo.ar\/index.php?rest_route=\/wp\/v2\/posts"}],"about":[{"href":"http:\/\/fmdelpueblo.ar\/index.php?rest_route=\/wp\/v2\/types\/post"}],"replies":[{"embeddable":true,"href":"http:\/\/fmdelpueblo.ar\/index.php?rest_route=%2Fwp%2Fv2%2Fcomments&post=11769"}],"version-history":[{"count":0,"href":"http:\/\/fmdelpueblo.ar\/index.php?rest_route=\/wp\/v2\/posts\/11769\/revisions"}],"wp:attachment":[{"href":"http:\/\/fmdelpueblo.ar\/index.php?rest_route=%2Fwp%2Fv2%2Fmedia&parent=11769"}],"wp:term":[{"taxonomy":"category","embeddable":true,"href":"http:\/\/fmdelpueblo.ar\/index.php?rest_route=%2Fwp%2Fv2%2Fcategories&post=11769"},{"taxonomy":"post_tag","embeddable":true,"href":"http:\/\/fmdelpueblo.ar\/index.php?rest_route=%2Fwp%2Fv2%2Ftags&post=11769"}],"curies":[{"name":"wp","href":"https:\/\/api.w.org\/{rel}","templated":true}]}}