{"id":11768,"date":"2022-04-01T17:09:20","date_gmt":"2022-04-01T17:09:20","guid":{"rendered":"https:\/\/fmdelpueblo.ar\/?p=11768"},"modified":"2022-04-01T17:09:20","modified_gmt":"2022-04-01T17:09:20","slug":"chile-no-le-quisieron-alquilar-un-departamento-por-ser-argentinos-y-la-respuesta-fue-mundial","status":"publish","type":"post","link":"http:\/\/fmdelpueblo.ar\/?p=11768","title":{"rendered":"Chile | No le quisieron alquilar un departamento por ser argentinos y la respuesta fue \u00abMundial\u00bb"},"content":{"rendered":"<\/p>\n<p>\u201cNo arriendo argentinos\u201d fue la respuesta que recibi\u00f3 una mujer cuando buscaba alojamiento en el pa\u00eds vecino para su familia. Muchos usuarios se hicieron eco del maltrato y dejaron rese\u00f1as negativas del departamento. <a href=\"https:\/\/www.perfil.com\/noticias\/actualidad\/les-negaron-alquilarle-un-lugar-en-chile-por-ser-argentinos-y-se-defendieron-con-un-chiste-sobre-el-mundial.phtml\">Leer m\u00e1s<\/a><\/p>\n","protected":false},"excerpt":{"rendered":"<p>\u201cNo arriendo argentinos\u201d fue la respuesta que recibi\u00f3 una mujer cuando buscaba alojamiento en el pa\u00eds vecino para su familia. Muchos usuarios se hicieron eco del maltrato y dejaron rese\u00f1as negativas del departamento. Leer m\u00e1s<\/p>\n","protected":false},"author":0,"featured_media":0,"comment_status":"","ping_status":"","sticky":false,"template":"","format":"standard","meta":{"footnotes":""},"categories":[1],"tags":[],"class_list":["post-11768","post","type-post","status-publish","format-standard","hentry","category-sin-categoria"],"_links":{"self":[{"href":"http:\/\/fmdelpueblo.ar\/index.php?rest_route=\/wp\/v2\/posts\/11768","targetHints":{"allow":["GET"]}}],"collection":[{"href":"http:\/\/fmdelpueblo.ar\/index.php?rest_route=\/wp\/v2\/posts"}],"about":[{"href":"http:\/\/fmdelpueblo.ar\/index.php?rest_route=\/wp\/v2\/types\/post"}],"replies":[{"embeddable":true,"href":"http:\/\/fmdelpueblo.ar\/index.php?rest_route=%2Fwp%2Fv2%2Fcomments&post=11768"}],"version-history":[{"count":0,"href":"http:\/\/fmdelpueblo.ar\/index.php?rest_route=\/wp\/v2\/posts\/11768\/revisions"}],"wp:attachment":[{"href":"http:\/\/fmdelpueblo.ar\/index.php?rest_route=%2Fwp%2Fv2%2Fmedia&parent=11768"}],"wp:term":[{"taxonomy":"category","embeddable":true,"href":"http:\/\/fmdelpueblo.ar\/index.php?rest_route=%2Fwp%2Fv2%2Fcategories&post=11768"},{"taxonomy":"post_tag","embeddable":true,"href":"http:\/\/fmdelpueblo.ar\/index.php?rest_route=%2Fwp%2Fv2%2Ftags&post=11768"}],"curies":[{"name":"wp","href":"https:\/\/api.w.org\/{rel}","templated":true}]}}