{"id":11767,"date":"2022-04-01T17:09:20","date_gmt":"2022-04-01T17:09:20","guid":{"rendered":"https:\/\/fmdelpueblo.ar\/?p=11767"},"modified":"2022-04-01T17:09:20","modified_gmt":"2022-04-01T17:09:20","slug":"asesinaron-a-un-ciclista-de-pergamino-con-un-tiro-por-la-espalda-para-robarle-la-bicicleta","status":"publish","type":"post","link":"http:\/\/fmdelpueblo.ar\/?p=11767","title":{"rendered":"Asesinaron a un ciclista de Pergamino con un tiro por la espalda para robarle la bicicleta"},"content":{"rendered":"<\/p>\n<p>Los delincuentes vieron truncado su intento de robo cuando la v\u00edctima comenz\u00f3 a acelerar su ritmo, por lo que dispararon a sangre fr\u00eda.  <a href=\"https:\/\/www.perfil.com\/noticias\/sociedad\/asesinaron-a-un-ciclista-de-pergamino-con-un-tiro-por-la-espalda-para-robarle-la-bicicleta.phtml\">Leer m\u00e1s<\/a><\/p>\n","protected":false},"excerpt":{"rendered":"<p>Los delincuentes vieron truncado su intento de robo cuando la v\u00edctima comenz\u00f3 a acelerar su ritmo, por lo que dispararon a sangre fr\u00eda. Leer m\u00e1s<\/p>\n","protected":false},"author":0,"featured_media":0,"comment_status":"","ping_status":"","sticky":false,"template":"","format":"standard","meta":{"footnotes":""},"categories":[1],"tags":[],"class_list":["post-11767","post","type-post","status-publish","format-standard","hentry","category-sin-categoria"],"_links":{"self":[{"href":"http:\/\/fmdelpueblo.ar\/index.php?rest_route=\/wp\/v2\/posts\/11767","targetHints":{"allow":["GET"]}}],"collection":[{"href":"http:\/\/fmdelpueblo.ar\/index.php?rest_route=\/wp\/v2\/posts"}],"about":[{"href":"http:\/\/fmdelpueblo.ar\/index.php?rest_route=\/wp\/v2\/types\/post"}],"replies":[{"embeddable":true,"href":"http:\/\/fmdelpueblo.ar\/index.php?rest_route=%2Fwp%2Fv2%2Fcomments&post=11767"}],"version-history":[{"count":0,"href":"http:\/\/fmdelpueblo.ar\/index.php?rest_route=\/wp\/v2\/posts\/11767\/revisions"}],"wp:attachment":[{"href":"http:\/\/fmdelpueblo.ar\/index.php?rest_route=%2Fwp%2Fv2%2Fmedia&parent=11767"}],"wp:term":[{"taxonomy":"category","embeddable":true,"href":"http:\/\/fmdelpueblo.ar\/index.php?rest_route=%2Fwp%2Fv2%2Fcategories&post=11767"},{"taxonomy":"post_tag","embeddable":true,"href":"http:\/\/fmdelpueblo.ar\/index.php?rest_route=%2Fwp%2Fv2%2Ftags&post=11767"}],"curies":[{"name":"wp","href":"https:\/\/api.w.org\/{rel}","templated":true}]}}