{"id":11766,"date":"2022-04-01T17:09:19","date_gmt":"2022-04-01T17:09:19","guid":{"rendered":"https:\/\/fmdelpueblo.ar\/?p=11766"},"modified":"2022-04-01T17:09:19","modified_gmt":"2022-04-01T17:09:19","slug":"jorge-lapena-nos-tenemos-que-preparar-para-un-invierno-con-importantes-faltas-de-gas","status":"publish","type":"post","link":"http:\/\/fmdelpueblo.ar\/?p=11766","title":{"rendered":"Jorge Lape\u00f1a: \u201cNos tenemos que preparar para un invierno con importantes faltas de gas\u201d"},"content":{"rendered":"<\/p>\n<p>El ex secretario de energ\u00eda y presidente del Instituto Argentino de Energ\u00eda \u201cGeneral Mosconi\u201d advirti\u00f3 sobre una escasez de gas si el gobierno no cierra con los barcos metaneros y de gas licuado. A\u00fan as\u00ed, si la Argentina cuantifica sus reservas, podr\u00eda exportar y generar entrada de divisas.<br \/>\n <a href=\"https:\/\/www.perfil.com\/noticias\/economia\/jorge-lapena-nos-tenemos-que-preparar-para-un-invierno-con-importantes-faltas-de-gas-modof.phtml\">Leer m\u00e1s<\/a><\/p>\n","protected":false},"excerpt":{"rendered":"<p>El ex secretario de energ\u00eda y presidente del Instituto Argentino de Energ\u00eda \u201cGeneral Mosconi\u201d advirti\u00f3 sobre una escasez de gas si el gobierno no cierra con los barcos metaneros y de gas licuado. A\u00fan as\u00ed, si la Argentina cuantifica sus reservas, podr\u00eda exportar y generar entrada de divisas. Leer m\u00e1s<\/p>\n","protected":false},"author":0,"featured_media":0,"comment_status":"","ping_status":"","sticky":false,"template":"","format":"standard","meta":{"footnotes":""},"categories":[1],"tags":[],"class_list":["post-11766","post","type-post","status-publish","format-standard","hentry","category-sin-categoria"],"_links":{"self":[{"href":"http:\/\/fmdelpueblo.ar\/index.php?rest_route=\/wp\/v2\/posts\/11766","targetHints":{"allow":["GET"]}}],"collection":[{"href":"http:\/\/fmdelpueblo.ar\/index.php?rest_route=\/wp\/v2\/posts"}],"about":[{"href":"http:\/\/fmdelpueblo.ar\/index.php?rest_route=\/wp\/v2\/types\/post"}],"replies":[{"embeddable":true,"href":"http:\/\/fmdelpueblo.ar\/index.php?rest_route=%2Fwp%2Fv2%2Fcomments&post=11766"}],"version-history":[{"count":0,"href":"http:\/\/fmdelpueblo.ar\/index.php?rest_route=\/wp\/v2\/posts\/11766\/revisions"}],"wp:attachment":[{"href":"http:\/\/fmdelpueblo.ar\/index.php?rest_route=%2Fwp%2Fv2%2Fmedia&parent=11766"}],"wp:term":[{"taxonomy":"category","embeddable":true,"href":"http:\/\/fmdelpueblo.ar\/index.php?rest_route=%2Fwp%2Fv2%2Fcategories&post=11766"},{"taxonomy":"post_tag","embeddable":true,"href":"http:\/\/fmdelpueblo.ar\/index.php?rest_route=%2Fwp%2Fv2%2Ftags&post=11766"}],"curies":[{"name":"wp","href":"https:\/\/api.w.org\/{rel}","templated":true}]}}