{"id":11765,"date":"2022-04-01T16:10:07","date_gmt":"2022-04-01T16:10:07","guid":{"rendered":"http:\/\/fmdelpueblo.ar\/?p=11765"},"modified":"2022-04-01T16:10:07","modified_gmt":"2022-04-01T16:10:07","slug":"el-gobierno-implementara-una-canasta-regulada-de-frutas-y-verduras-en-el-amba","status":"publish","type":"post","link":"http:\/\/fmdelpueblo.ar\/?p=11765","title":{"rendered":"El gobierno implementar\u00e1 una canasta regulada de frutas y verduras en el AMBA"},"content":{"rendered":"<\/p>\n<p>El secretario de Comercio Interior de la Naci\u00f3n, Roberto Feletti, ubic\u00f3 esta medida en el marco de la pol\u00edtica de precios que viene implementando desde octubre de 2021. <a href=\"https:\/\/www.perfil.com\/noticias\/economia\/el-gobierno-implementara-una-canasta-de-frutas-y-verduras-en-amba.phtml\">Leer m\u00e1s<\/a><\/p>\n","protected":false},"excerpt":{"rendered":"<p>El secretario de Comercio Interior de la Naci\u00f3n, Roberto Feletti, ubic\u00f3 esta medida en el marco de la pol\u00edtica de precios que viene implementando desde octubre de 2021. Leer m\u00e1s<\/p>\n","protected":false},"author":0,"featured_media":0,"comment_status":"","ping_status":"","sticky":false,"template":"","format":"standard","meta":{"footnotes":""},"categories":[1],"tags":[],"class_list":["post-11765","post","type-post","status-publish","format-standard","hentry","category-sin-categoria"],"_links":{"self":[{"href":"http:\/\/fmdelpueblo.ar\/index.php?rest_route=\/wp\/v2\/posts\/11765","targetHints":{"allow":["GET"]}}],"collection":[{"href":"http:\/\/fmdelpueblo.ar\/index.php?rest_route=\/wp\/v2\/posts"}],"about":[{"href":"http:\/\/fmdelpueblo.ar\/index.php?rest_route=\/wp\/v2\/types\/post"}],"replies":[{"embeddable":true,"href":"http:\/\/fmdelpueblo.ar\/index.php?rest_route=%2Fwp%2Fv2%2Fcomments&post=11765"}],"version-history":[{"count":0,"href":"http:\/\/fmdelpueblo.ar\/index.php?rest_route=\/wp\/v2\/posts\/11765\/revisions"}],"wp:attachment":[{"href":"http:\/\/fmdelpueblo.ar\/index.php?rest_route=%2Fwp%2Fv2%2Fmedia&parent=11765"}],"wp:term":[{"taxonomy":"category","embeddable":true,"href":"http:\/\/fmdelpueblo.ar\/index.php?rest_route=%2Fwp%2Fv2%2Fcategories&post=11765"},{"taxonomy":"post_tag","embeddable":true,"href":"http:\/\/fmdelpueblo.ar\/index.php?rest_route=%2Fwp%2Fv2%2Ftags&post=11765"}],"curies":[{"name":"wp","href":"https:\/\/api.w.org\/{rel}","templated":true}]}}