{"id":11762,"date":"2022-04-01T16:10:07","date_gmt":"2022-04-01T16:10:07","guid":{"rendered":"http:\/\/fmdelpueblo.ar\/?p=11762"},"modified":"2022-04-01T16:10:07","modified_gmt":"2022-04-01T16:10:07","slug":"tarjeta-alimentar-confirmaron-las-fechas-de-pago-para-abril-de-2022","status":"publish","type":"post","link":"http:\/\/fmdelpueblo.ar\/?p=11762","title":{"rendered":"Tarjeta Alimentar: confirmaron las fechas de pago para abril de 2022"},"content":{"rendered":"<\/p>\n<p>ANSES public\u00f3 el calendario completo del mes. Cu\u00e1ndo te corresponde y cu\u00e1l es el monto a cobrar. <a href=\"https:\/\/www.perfil.com\/noticias\/economia\/tarjeta-alimentar-confirmaron-las-fechas-de-pago-para-abril-de-2022.phtml\">Leer m\u00e1s<\/a><\/p>\n","protected":false},"excerpt":{"rendered":"<p>ANSES public\u00f3 el calendario completo del mes. Cu\u00e1ndo te corresponde y cu\u00e1l es el monto a cobrar. Leer m\u00e1s<\/p>\n","protected":false},"author":0,"featured_media":0,"comment_status":"","ping_status":"","sticky":false,"template":"","format":"standard","meta":{"footnotes":""},"categories":[1],"tags":[],"class_list":["post-11762","post","type-post","status-publish","format-standard","hentry","category-sin-categoria"],"_links":{"self":[{"href":"http:\/\/fmdelpueblo.ar\/index.php?rest_route=\/wp\/v2\/posts\/11762","targetHints":{"allow":["GET"]}}],"collection":[{"href":"http:\/\/fmdelpueblo.ar\/index.php?rest_route=\/wp\/v2\/posts"}],"about":[{"href":"http:\/\/fmdelpueblo.ar\/index.php?rest_route=\/wp\/v2\/types\/post"}],"replies":[{"embeddable":true,"href":"http:\/\/fmdelpueblo.ar\/index.php?rest_route=%2Fwp%2Fv2%2Fcomments&post=11762"}],"version-history":[{"count":0,"href":"http:\/\/fmdelpueblo.ar\/index.php?rest_route=\/wp\/v2\/posts\/11762\/revisions"}],"wp:attachment":[{"href":"http:\/\/fmdelpueblo.ar\/index.php?rest_route=%2Fwp%2Fv2%2Fmedia&parent=11762"}],"wp:term":[{"taxonomy":"category","embeddable":true,"href":"http:\/\/fmdelpueblo.ar\/index.php?rest_route=%2Fwp%2Fv2%2Fcategories&post=11762"},{"taxonomy":"post_tag","embeddable":true,"href":"http:\/\/fmdelpueblo.ar\/index.php?rest_route=%2Fwp%2Fv2%2Ftags&post=11762"}],"curies":[{"name":"wp","href":"https:\/\/api.w.org\/{rel}","templated":true}]}}