{"id":11760,"date":"2022-04-01T15:10:43","date_gmt":"2022-04-01T15:10:43","guid":{"rendered":"https:\/\/fmdelpueblo.ar\/?p=11760"},"modified":"2022-04-01T15:10:43","modified_gmt":"2022-04-01T15:10:43","slug":"luis-brandoni-si-le-tengo-miedo-a-algo-es-al-deterioro-fisico-a-la-falta-de-autonomia","status":"publish","type":"post","link":"http:\/\/fmdelpueblo.ar\/?p=11760","title":{"rendered":"Luis Brandoni: \u00abSi le tengo miedo a algo, es al deterioro f\u00edsico, a la falta de autonom\u00eda\u00bb"},"content":{"rendered":"<\/p>\n<p>El destacado actor repas\u00f3 su carrera en Radio Perfil, y reflexion\u00f3 con Jorge Fontevecchia sobre el paso del tiempo, sus proyectos y principales temores en la actualidad. Escuch\u00e1 la nota completa. <a href=\"https:\/\/www.perfil.com\/noticias\/sociedad\/luis-brandoni-si-le-tengo-miedo-a-algo-es-al-deterioro-fisico-modof.phtml\">Leer m\u00e1s<\/a><\/p>\n","protected":false},"excerpt":{"rendered":"<p>El destacado actor repas\u00f3 su carrera en Radio Perfil, y reflexion\u00f3 con Jorge Fontevecchia sobre el paso del tiempo, sus proyectos y principales temores en la actualidad. Escuch\u00e1 la nota completa. Leer m\u00e1s<\/p>\n","protected":false},"author":0,"featured_media":0,"comment_status":"","ping_status":"","sticky":false,"template":"","format":"standard","meta":{"footnotes":""},"categories":[1],"tags":[],"class_list":["post-11760","post","type-post","status-publish","format-standard","hentry","category-sin-categoria"],"_links":{"self":[{"href":"http:\/\/fmdelpueblo.ar\/index.php?rest_route=\/wp\/v2\/posts\/11760","targetHints":{"allow":["GET"]}}],"collection":[{"href":"http:\/\/fmdelpueblo.ar\/index.php?rest_route=\/wp\/v2\/posts"}],"about":[{"href":"http:\/\/fmdelpueblo.ar\/index.php?rest_route=\/wp\/v2\/types\/post"}],"replies":[{"embeddable":true,"href":"http:\/\/fmdelpueblo.ar\/index.php?rest_route=%2Fwp%2Fv2%2Fcomments&post=11760"}],"version-history":[{"count":0,"href":"http:\/\/fmdelpueblo.ar\/index.php?rest_route=\/wp\/v2\/posts\/11760\/revisions"}],"wp:attachment":[{"href":"http:\/\/fmdelpueblo.ar\/index.php?rest_route=%2Fwp%2Fv2%2Fmedia&parent=11760"}],"wp:term":[{"taxonomy":"category","embeddable":true,"href":"http:\/\/fmdelpueblo.ar\/index.php?rest_route=%2Fwp%2Fv2%2Fcategories&post=11760"},{"taxonomy":"post_tag","embeddable":true,"href":"http:\/\/fmdelpueblo.ar\/index.php?rest_route=%2Fwp%2Fv2%2Ftags&post=11760"}],"curies":[{"name":"wp","href":"https:\/\/api.w.org\/{rel}","templated":true}]}}