{"id":11759,"date":"2022-04-01T15:10:43","date_gmt":"2022-04-01T15:10:43","guid":{"rendered":"https:\/\/fmdelpueblo.ar\/?p=11759"},"modified":"2022-04-01T15:10:43","modified_gmt":"2022-04-01T15:10:43","slug":"emilio-persico-critico-el-acampe-en-la-9-de-julio-es-motivado-por-cuestiones-politicas","status":"publish","type":"post","link":"http:\/\/fmdelpueblo.ar\/?p=11759","title":{"rendered":"Emilio P\u00e9rsico critic\u00f3 el acampe en la 9 de Julio: \u201cEs motivado por cuestiones pol\u00edticas\u201d"},"content":{"rendered":"<\/p>\n<p>En el tercer d\u00eda de la medida, el funcionario del Ministerio de Desarrollo Social cuestion\u00f3 la efectividad de los planes sociales para combatir la pobreza. <a href=\"https:\/\/www.perfil.com\/noticias\/politica\/emilio-persico-critico-el-acampe-en-la-9-de-julio-es-motivado-por-cuestiones-politicas.phtml\">Leer m\u00e1s<\/a><\/p>\n","protected":false},"excerpt":{"rendered":"<p>En el tercer d\u00eda de la medida, el funcionario del Ministerio de Desarrollo Social cuestion\u00f3 la efectividad de los planes sociales para combatir la pobreza. Leer m\u00e1s<\/p>\n","protected":false},"author":0,"featured_media":0,"comment_status":"","ping_status":"","sticky":false,"template":"","format":"standard","meta":{"footnotes":""},"categories":[1],"tags":[],"class_list":["post-11759","post","type-post","status-publish","format-standard","hentry","category-sin-categoria"],"_links":{"self":[{"href":"http:\/\/fmdelpueblo.ar\/index.php?rest_route=\/wp\/v2\/posts\/11759","targetHints":{"allow":["GET"]}}],"collection":[{"href":"http:\/\/fmdelpueblo.ar\/index.php?rest_route=\/wp\/v2\/posts"}],"about":[{"href":"http:\/\/fmdelpueblo.ar\/index.php?rest_route=\/wp\/v2\/types\/post"}],"replies":[{"embeddable":true,"href":"http:\/\/fmdelpueblo.ar\/index.php?rest_route=%2Fwp%2Fv2%2Fcomments&post=11759"}],"version-history":[{"count":0,"href":"http:\/\/fmdelpueblo.ar\/index.php?rest_route=\/wp\/v2\/posts\/11759\/revisions"}],"wp:attachment":[{"href":"http:\/\/fmdelpueblo.ar\/index.php?rest_route=%2Fwp%2Fv2%2Fmedia&parent=11759"}],"wp:term":[{"taxonomy":"category","embeddable":true,"href":"http:\/\/fmdelpueblo.ar\/index.php?rest_route=%2Fwp%2Fv2%2Fcategories&post=11759"},{"taxonomy":"post_tag","embeddable":true,"href":"http:\/\/fmdelpueblo.ar\/index.php?rest_route=%2Fwp%2Fv2%2Ftags&post=11759"}],"curies":[{"name":"wp","href":"https:\/\/api.w.org\/{rel}","templated":true}]}}