{"id":11757,"date":"2022-04-01T15:10:42","date_gmt":"2022-04-01T15:10:42","guid":{"rendered":"https:\/\/fmdelpueblo.ar\/?p=11757"},"modified":"2022-04-01T15:10:42","modified_gmt":"2022-04-01T15:10:42","slug":"planes-de-pago-de-arba-ahora-se-podran-incluir-deudas-vencidas-el-31-de-diciembre-de-2021","status":"publish","type":"post","link":"http:\/\/fmdelpueblo.ar\/?p=11757","title":{"rendered":"Planes de pago de ARBA: ahora se podr\u00e1n incluir deudas vencidas el 31 de diciembre de 2021"},"content":{"rendered":"<\/p>\n<p>Hoy se public\u00f3 en el Bolet\u00edn Oficial de la provincia bonaerense la resoluci\u00f3n que reglamenta modificaciones y cambios en los planes de pago, con m\u00e1s facilidades. Qu\u00e9 impuestos se incluyen y qu\u00e9 pasa con las deudas en estados judicial. <a href=\"https:\/\/www.perfil.com\/noticias\/economia\/planes-de-pago-de-arba-ahora-se-podran-incluir-deudas-vencidas-el-31-de-diciembre-de-2021.phtml\">Leer m\u00e1s<\/a><\/p>\n","protected":false},"excerpt":{"rendered":"<p>Hoy se public\u00f3 en el Bolet\u00edn Oficial de la provincia bonaerense la resoluci\u00f3n que reglamenta modificaciones y cambios en los planes de pago, con m\u00e1s facilidades. Qu\u00e9 impuestos se incluyen y qu\u00e9 pasa con las deudas en estados judicial. Leer m\u00e1s<\/p>\n","protected":false},"author":0,"featured_media":0,"comment_status":"","ping_status":"","sticky":false,"template":"","format":"standard","meta":{"footnotes":""},"categories":[1],"tags":[],"class_list":["post-11757","post","type-post","status-publish","format-standard","hentry","category-sin-categoria"],"_links":{"self":[{"href":"http:\/\/fmdelpueblo.ar\/index.php?rest_route=\/wp\/v2\/posts\/11757","targetHints":{"allow":["GET"]}}],"collection":[{"href":"http:\/\/fmdelpueblo.ar\/index.php?rest_route=\/wp\/v2\/posts"}],"about":[{"href":"http:\/\/fmdelpueblo.ar\/index.php?rest_route=\/wp\/v2\/types\/post"}],"replies":[{"embeddable":true,"href":"http:\/\/fmdelpueblo.ar\/index.php?rest_route=%2Fwp%2Fv2%2Fcomments&post=11757"}],"version-history":[{"count":0,"href":"http:\/\/fmdelpueblo.ar\/index.php?rest_route=\/wp\/v2\/posts\/11757\/revisions"}],"wp:attachment":[{"href":"http:\/\/fmdelpueblo.ar\/index.php?rest_route=%2Fwp%2Fv2%2Fmedia&parent=11757"}],"wp:term":[{"taxonomy":"category","embeddable":true,"href":"http:\/\/fmdelpueblo.ar\/index.php?rest_route=%2Fwp%2Fv2%2Fcategories&post=11757"},{"taxonomy":"post_tag","embeddable":true,"href":"http:\/\/fmdelpueblo.ar\/index.php?rest_route=%2Fwp%2Fv2%2Ftags&post=11757"}],"curies":[{"name":"wp","href":"https:\/\/api.w.org\/{rel}","templated":true}]}}