{"id":11754,"date":"2022-04-01T15:10:42","date_gmt":"2022-04-01T15:10:42","guid":{"rendered":"https:\/\/fmdelpueblo.ar\/?p=11754"},"modified":"2022-04-01T15:10:42","modified_gmt":"2022-04-01T15:10:42","slug":"scaloni-saca-pecho-de-cara-al-mundial-de-qatar-este-equipo-va-a-dar-la-cara-ante-cualquier-rival","status":"publish","type":"post","link":"http:\/\/fmdelpueblo.ar\/?p=11754","title":{"rendered":"Scaloni saca pecho de cara al Mundial de Qatar: \u00abEste equipo va a dar la cara ante cualquier rival\u00bb"},"content":{"rendered":"<\/p>\n<p>El t\u00e9cnico de la Selecci\u00f3n Argentina asegur\u00f3 que el combinado nacional est\u00e1 en condiciones de enfrentarse ante el oponente que se le presente en la m\u00e1xima cita mundialista en Qatar. <a href=\"https:\/\/www.perfil.com\/noticias\/deportes\/scaloni-saca-pecho-de-cara-al-mundial-de-qatar-este-equipo-va-a-dar-la-cara-ante-cualquier-rival.phtml\">Leer m\u00e1s<\/a><\/p>\n","protected":false},"excerpt":{"rendered":"<p>El t\u00e9cnico de la Selecci\u00f3n Argentina asegur\u00f3 que el combinado nacional est\u00e1 en condiciones de enfrentarse ante el oponente que se le presente en la m\u00e1xima cita mundialista en Qatar. Leer m\u00e1s<\/p>\n","protected":false},"author":0,"featured_media":0,"comment_status":"","ping_status":"","sticky":false,"template":"","format":"standard","meta":{"footnotes":""},"categories":[1],"tags":[],"class_list":["post-11754","post","type-post","status-publish","format-standard","hentry","category-sin-categoria"],"_links":{"self":[{"href":"http:\/\/fmdelpueblo.ar\/index.php?rest_route=\/wp\/v2\/posts\/11754","targetHints":{"allow":["GET"]}}],"collection":[{"href":"http:\/\/fmdelpueblo.ar\/index.php?rest_route=\/wp\/v2\/posts"}],"about":[{"href":"http:\/\/fmdelpueblo.ar\/index.php?rest_route=\/wp\/v2\/types\/post"}],"replies":[{"embeddable":true,"href":"http:\/\/fmdelpueblo.ar\/index.php?rest_route=%2Fwp%2Fv2%2Fcomments&post=11754"}],"version-history":[{"count":0,"href":"http:\/\/fmdelpueblo.ar\/index.php?rest_route=\/wp\/v2\/posts\/11754\/revisions"}],"wp:attachment":[{"href":"http:\/\/fmdelpueblo.ar\/index.php?rest_route=%2Fwp%2Fv2%2Fmedia&parent=11754"}],"wp:term":[{"taxonomy":"category","embeddable":true,"href":"http:\/\/fmdelpueblo.ar\/index.php?rest_route=%2Fwp%2Fv2%2Fcategories&post=11754"},{"taxonomy":"post_tag","embeddable":true,"href":"http:\/\/fmdelpueblo.ar\/index.php?rest_route=%2Fwp%2Fv2%2Ftags&post=11754"}],"curies":[{"name":"wp","href":"https:\/\/api.w.org\/{rel}","templated":true}]}}