{"id":11753,"date":"2022-04-01T15:10:42","date_gmt":"2022-04-01T15:10:42","guid":{"rendered":"https:\/\/fmdelpueblo.ar\/?p=11753"},"modified":"2022-04-01T15:10:42","modified_gmt":"2022-04-01T15:10:42","slug":"fuerte-preocupacion-de-la-mesa-de-enlace-frente-a-la-falta-de-combustible-en-el-interior","status":"publish","type":"post","link":"http:\/\/fmdelpueblo.ar\/?p=11753","title":{"rendered":"Fuerte preocupaci\u00f3n de la Mesa de Enlace frente a la falta de combustible en el interior"},"content":{"rendered":"<\/p>\n<p>\u00abEn las \u00faltimas semanas, el gasoil se ha convertido en un recurso escaso en distintas localidades del pa\u00eds, raz\u00f3n por la cual se han registrado subas m\u00e1s que llamativas y la disponibilidad del producto es escasa y\/o cuotificada\u00bb, alertaron.  <a href=\"https:\/\/www.perfil.com\/noticias\/economia\/ante-la-falta-de-gasoil-la-mesa-de-enlace-del-campo-le-pide-al-gobierno-un-plan-de-contingencia.phtml\">Leer m\u00e1s<\/a><\/p>\n","protected":false},"excerpt":{"rendered":"<p>\u00abEn las \u00faltimas semanas, el gasoil se ha convertido en un recurso escaso en distintas localidades del pa\u00eds, raz\u00f3n por la cual se han registrado subas m\u00e1s que llamativas y la disponibilidad del producto es escasa y\/o cuotificada\u00bb, alertaron. Leer m\u00e1s<\/p>\n","protected":false},"author":0,"featured_media":0,"comment_status":"","ping_status":"","sticky":false,"template":"","format":"standard","meta":{"footnotes":""},"categories":[1],"tags":[],"class_list":["post-11753","post","type-post","status-publish","format-standard","hentry","category-sin-categoria"],"_links":{"self":[{"href":"http:\/\/fmdelpueblo.ar\/index.php?rest_route=\/wp\/v2\/posts\/11753","targetHints":{"allow":["GET"]}}],"collection":[{"href":"http:\/\/fmdelpueblo.ar\/index.php?rest_route=\/wp\/v2\/posts"}],"about":[{"href":"http:\/\/fmdelpueblo.ar\/index.php?rest_route=\/wp\/v2\/types\/post"}],"replies":[{"embeddable":true,"href":"http:\/\/fmdelpueblo.ar\/index.php?rest_route=%2Fwp%2Fv2%2Fcomments&post=11753"}],"version-history":[{"count":0,"href":"http:\/\/fmdelpueblo.ar\/index.php?rest_route=\/wp\/v2\/posts\/11753\/revisions"}],"wp:attachment":[{"href":"http:\/\/fmdelpueblo.ar\/index.php?rest_route=%2Fwp%2Fv2%2Fmedia&parent=11753"}],"wp:term":[{"taxonomy":"category","embeddable":true,"href":"http:\/\/fmdelpueblo.ar\/index.php?rest_route=%2Fwp%2Fv2%2Fcategories&post=11753"},{"taxonomy":"post_tag","embeddable":true,"href":"http:\/\/fmdelpueblo.ar\/index.php?rest_route=%2Fwp%2Fv2%2Ftags&post=11753"}],"curies":[{"name":"wp","href":"https:\/\/api.w.org\/{rel}","templated":true}]}}