{"id":11752,"date":"2022-04-01T14:10:37","date_gmt":"2022-04-01T14:10:37","guid":{"rendered":"http:\/\/fmdelpueblo.ar\/?p=11752"},"modified":"2022-04-01T14:10:37","modified_gmt":"2022-04-01T14:10:37","slug":"margarita-stolbizer-milei-no-debe-sumarse-a-juntos-por-el-cambio-porque-desvirtua-la-alianza","status":"publish","type":"post","link":"http:\/\/fmdelpueblo.ar\/?p=11752","title":{"rendered":"Margarita Stolbizer: \u201cMilei no debe sumarse a Juntos por el Cambio porque desvirt\u00faa la alianza\u201d"},"content":{"rendered":"<\/p>\n<p>La diputada particip\u00f3 del Ciclo de Entrevistas organizado por la Escuela de Comunicaci\u00f3n. Cr\u00edticas al l\u00edder de Avanza Libertad. El rol de GEN en la alianza opositora. Y la interna del Frente de Todos.<br \/>\n <a href=\"https:\/\/www.perfil.com\/noticias\/educacion\/margarita-stolbizer-milei-no-debe-sumarse-a-juntos-por-el-cambio-porque-desvirtua-la-alianza.phtml\">Leer m\u00e1s<\/a><\/p>\n","protected":false},"excerpt":{"rendered":"<p>La diputada particip\u00f3 del Ciclo de Entrevistas organizado por la Escuela de Comunicaci\u00f3n. Cr\u00edticas al l\u00edder de Avanza Libertad. El rol de GEN en la alianza opositora. Y la interna del Frente de Todos. Leer m\u00e1s<\/p>\n","protected":false},"author":0,"featured_media":0,"comment_status":"","ping_status":"","sticky":false,"template":"","format":"standard","meta":{"footnotes":""},"categories":[1],"tags":[],"class_list":["post-11752","post","type-post","status-publish","format-standard","hentry","category-sin-categoria"],"_links":{"self":[{"href":"http:\/\/fmdelpueblo.ar\/index.php?rest_route=\/wp\/v2\/posts\/11752","targetHints":{"allow":["GET"]}}],"collection":[{"href":"http:\/\/fmdelpueblo.ar\/index.php?rest_route=\/wp\/v2\/posts"}],"about":[{"href":"http:\/\/fmdelpueblo.ar\/index.php?rest_route=\/wp\/v2\/types\/post"}],"replies":[{"embeddable":true,"href":"http:\/\/fmdelpueblo.ar\/index.php?rest_route=%2Fwp%2Fv2%2Fcomments&post=11752"}],"version-history":[{"count":0,"href":"http:\/\/fmdelpueblo.ar\/index.php?rest_route=\/wp\/v2\/posts\/11752\/revisions"}],"wp:attachment":[{"href":"http:\/\/fmdelpueblo.ar\/index.php?rest_route=%2Fwp%2Fv2%2Fmedia&parent=11752"}],"wp:term":[{"taxonomy":"category","embeddable":true,"href":"http:\/\/fmdelpueblo.ar\/index.php?rest_route=%2Fwp%2Fv2%2Fcategories&post=11752"},{"taxonomy":"post_tag","embeddable":true,"href":"http:\/\/fmdelpueblo.ar\/index.php?rest_route=%2Fwp%2Fv2%2Ftags&post=11752"}],"curies":[{"name":"wp","href":"https:\/\/api.w.org\/{rel}","templated":true}]}}