{"id":11750,"date":"2022-04-01T14:10:37","date_gmt":"2022-04-01T14:10:37","guid":{"rendered":"http:\/\/fmdelpueblo.ar\/?p=11750"},"modified":"2022-04-01T14:10:37","modified_gmt":"2022-04-01T14:10:37","slug":"inflacion-en-espana-todavia-falta-lo-peor","status":"publish","type":"post","link":"http:\/\/fmdelpueblo.ar\/?p=11750","title":{"rendered":"Inflaci\u00f3n en Espa\u00f1a: Todav\u00eda falta lo peor"},"content":{"rendered":"<\/p>\n<p>El periodista espa\u00f1ol especializado en Finanzas, Andr\u00e9s Stumpf, dialog\u00f3 con Jorge Fontevecchia por Radio Perfil, y explic\u00f3 el impacto inflacionario y sus consecuencias. <a href=\"https:\/\/www.perfil.com\/noticias\/economia\/inflacion-en-espana-todavia-falta-lo-peor-modof.phtml\">Leer m\u00e1s<\/a><\/p>\n","protected":false},"excerpt":{"rendered":"<p>El periodista espa\u00f1ol especializado en Finanzas, Andr\u00e9s Stumpf, dialog\u00f3 con Jorge Fontevecchia por Radio Perfil, y explic\u00f3 el impacto inflacionario y sus consecuencias. Leer m\u00e1s<\/p>\n","protected":false},"author":0,"featured_media":0,"comment_status":"","ping_status":"","sticky":false,"template":"","format":"standard","meta":{"footnotes":""},"categories":[1],"tags":[],"class_list":["post-11750","post","type-post","status-publish","format-standard","hentry","category-sin-categoria"],"_links":{"self":[{"href":"http:\/\/fmdelpueblo.ar\/index.php?rest_route=\/wp\/v2\/posts\/11750","targetHints":{"allow":["GET"]}}],"collection":[{"href":"http:\/\/fmdelpueblo.ar\/index.php?rest_route=\/wp\/v2\/posts"}],"about":[{"href":"http:\/\/fmdelpueblo.ar\/index.php?rest_route=\/wp\/v2\/types\/post"}],"replies":[{"embeddable":true,"href":"http:\/\/fmdelpueblo.ar\/index.php?rest_route=%2Fwp%2Fv2%2Fcomments&post=11750"}],"version-history":[{"count":0,"href":"http:\/\/fmdelpueblo.ar\/index.php?rest_route=\/wp\/v2\/posts\/11750\/revisions"}],"wp:attachment":[{"href":"http:\/\/fmdelpueblo.ar\/index.php?rest_route=%2Fwp%2Fv2%2Fmedia&parent=11750"}],"wp:term":[{"taxonomy":"category","embeddable":true,"href":"http:\/\/fmdelpueblo.ar\/index.php?rest_route=%2Fwp%2Fv2%2Fcategories&post=11750"},{"taxonomy":"post_tag","embeddable":true,"href":"http:\/\/fmdelpueblo.ar\/index.php?rest_route=%2Fwp%2Fv2%2Ftags&post=11750"}],"curies":[{"name":"wp","href":"https:\/\/api.w.org\/{rel}","templated":true}]}}