{"id":11747,"date":"2022-04-01T14:10:36","date_gmt":"2022-04-01T14:10:36","guid":{"rendered":"http:\/\/fmdelpueblo.ar\/?p=11747"},"modified":"2022-04-01T14:10:36","modified_gmt":"2022-04-01T14:10:36","slug":"fusilen-a-fontevecchia","status":"publish","type":"post","link":"http:\/\/fmdelpueblo.ar\/?p=11747","title":{"rendered":"Fusilen a Fontevecchia"},"content":{"rendered":"<\/p>\n<p>El periodista record\u00f3 en Radio Perfil el d\u00eda que el sanguinario general Ram\u00f3n Camps, uno de los pilares de la \u00faltima dictadura militar, lo cit\u00f3 en el Estado Mayor Conjunto de las Fuerzas Armadas y le anunci\u00f3 que lo iban a fusilar por ser un \u00abidiota \u00fatil\u00bb. Pero que no lo hac\u00eda en ese momento porque iba a gastar todas las balas en los ingleses. Escuch\u00e1 el testimonio completo en el audio. <a href=\"https:\/\/www.perfil.com\/noticias\/actualidad\/fusilen-a-fontevecchia-modof.phtml\">Leer m\u00e1s<\/a><\/p>\n","protected":false},"excerpt":{"rendered":"<p>El periodista record\u00f3 en Radio Perfil el d\u00eda que el sanguinario general Ram\u00f3n Camps, uno de los pilares de la \u00faltima dictadura militar, lo cit\u00f3 en el Estado Mayor Conjunto de las Fuerzas Armadas y le anunci\u00f3 que lo iban a fusilar por ser un \u00abidiota \u00fatil\u00bb. Pero que no lo hac\u00eda en ese momento [&hellip;]<\/p>\n","protected":false},"author":0,"featured_media":0,"comment_status":"","ping_status":"","sticky":false,"template":"","format":"standard","meta":{"footnotes":""},"categories":[1],"tags":[],"class_list":["post-11747","post","type-post","status-publish","format-standard","hentry","category-sin-categoria"],"_links":{"self":[{"href":"http:\/\/fmdelpueblo.ar\/index.php?rest_route=\/wp\/v2\/posts\/11747","targetHints":{"allow":["GET"]}}],"collection":[{"href":"http:\/\/fmdelpueblo.ar\/index.php?rest_route=\/wp\/v2\/posts"}],"about":[{"href":"http:\/\/fmdelpueblo.ar\/index.php?rest_route=\/wp\/v2\/types\/post"}],"replies":[{"embeddable":true,"href":"http:\/\/fmdelpueblo.ar\/index.php?rest_route=%2Fwp%2Fv2%2Fcomments&post=11747"}],"version-history":[{"count":0,"href":"http:\/\/fmdelpueblo.ar\/index.php?rest_route=\/wp\/v2\/posts\/11747\/revisions"}],"wp:attachment":[{"href":"http:\/\/fmdelpueblo.ar\/index.php?rest_route=%2Fwp%2Fv2%2Fmedia&parent=11747"}],"wp:term":[{"taxonomy":"category","embeddable":true,"href":"http:\/\/fmdelpueblo.ar\/index.php?rest_route=%2Fwp%2Fv2%2Fcategories&post=11747"},{"taxonomy":"post_tag","embeddable":true,"href":"http:\/\/fmdelpueblo.ar\/index.php?rest_route=%2Fwp%2Fv2%2Ftags&post=11747"}],"curies":[{"name":"wp","href":"https:\/\/api.w.org\/{rel}","templated":true}]}}