{"id":11746,"date":"2022-04-01T14:10:36","date_gmt":"2022-04-01T14:10:36","guid":{"rendered":"http:\/\/fmdelpueblo.ar\/?p=11746"},"modified":"2022-04-01T14:10:36","modified_gmt":"2022-04-01T14:10:36","slug":"manu-ginobili-sera-incluido-en-el-salon-de-la-fama-del-basquet","status":"publish","type":"post","link":"http:\/\/fmdelpueblo.ar\/?p=11746","title":{"rendered":"Manu Gin\u00f3bili ser\u00e1 incluido en el Sal\u00f3n de la Fama del b\u00e1squet"},"content":{"rendered":"<\/p>\n<p>El bahiense hace historia al convertirse en el primer jugador argentino en conseguir este reconocimiento <a href=\"https:\/\/www.perfil.com\/noticias\/deportes\/manu-ginobili-sera-incluido-en-el-salon-de-la-fama-del-basquet-modof.phtml\">Leer m\u00e1s<\/a><\/p>\n","protected":false},"excerpt":{"rendered":"<p>El bahiense hace historia al convertirse en el primer jugador argentino en conseguir este reconocimiento Leer m\u00e1s<\/p>\n","protected":false},"author":0,"featured_media":0,"comment_status":"","ping_status":"","sticky":false,"template":"","format":"standard","meta":{"footnotes":""},"categories":[1],"tags":[],"class_list":["post-11746","post","type-post","status-publish","format-standard","hentry","category-sin-categoria"],"_links":{"self":[{"href":"http:\/\/fmdelpueblo.ar\/index.php?rest_route=\/wp\/v2\/posts\/11746","targetHints":{"allow":["GET"]}}],"collection":[{"href":"http:\/\/fmdelpueblo.ar\/index.php?rest_route=\/wp\/v2\/posts"}],"about":[{"href":"http:\/\/fmdelpueblo.ar\/index.php?rest_route=\/wp\/v2\/types\/post"}],"replies":[{"embeddable":true,"href":"http:\/\/fmdelpueblo.ar\/index.php?rest_route=%2Fwp%2Fv2%2Fcomments&post=11746"}],"version-history":[{"count":0,"href":"http:\/\/fmdelpueblo.ar\/index.php?rest_route=\/wp\/v2\/posts\/11746\/revisions"}],"wp:attachment":[{"href":"http:\/\/fmdelpueblo.ar\/index.php?rest_route=%2Fwp%2Fv2%2Fmedia&parent=11746"}],"wp:term":[{"taxonomy":"category","embeddable":true,"href":"http:\/\/fmdelpueblo.ar\/index.php?rest_route=%2Fwp%2Fv2%2Fcategories&post=11746"},{"taxonomy":"post_tag","embeddable":true,"href":"http:\/\/fmdelpueblo.ar\/index.php?rest_route=%2Fwp%2Fv2%2Ftags&post=11746"}],"curies":[{"name":"wp","href":"https:\/\/api.w.org\/{rel}","templated":true}]}}