{"id":11745,"date":"2022-04-01T14:10:36","date_gmt":"2022-04-01T14:10:36","guid":{"rendered":"http:\/\/fmdelpueblo.ar\/?p=11745"},"modified":"2022-04-01T14:10:36","modified_gmt":"2022-04-01T14:10:36","slug":"dolar-hoy-como-abrio-abril-el-blue","status":"publish","type":"post","link":"http:\/\/fmdelpueblo.ar\/?p=11745","title":{"rendered":"D\u00f3lar hoy: c\u00f3mo abri\u00f3 abril el Blue"},"content":{"rendered":"<\/p>\n<p>La divisa informal comienza el mes en su valor m\u00ednimo de $ 200. En tanto, el minorista oficial se mantiene en $ 116 vendedor. <a href=\"https:\/\/www.perfil.com\/noticias\/economia\/dolar-hoy-como-abrio-abril-el-blue.phtml\">Leer m\u00e1s<\/a><\/p>\n","protected":false},"excerpt":{"rendered":"<p>La divisa informal comienza el mes en su valor m\u00ednimo de $ 200. En tanto, el minorista oficial se mantiene en $ 116 vendedor. Leer m\u00e1s<\/p>\n","protected":false},"author":0,"featured_media":0,"comment_status":"","ping_status":"","sticky":false,"template":"","format":"standard","meta":{"footnotes":""},"categories":[1],"tags":[],"class_list":["post-11745","post","type-post","status-publish","format-standard","hentry","category-sin-categoria"],"_links":{"self":[{"href":"http:\/\/fmdelpueblo.ar\/index.php?rest_route=\/wp\/v2\/posts\/11745","targetHints":{"allow":["GET"]}}],"collection":[{"href":"http:\/\/fmdelpueblo.ar\/index.php?rest_route=\/wp\/v2\/posts"}],"about":[{"href":"http:\/\/fmdelpueblo.ar\/index.php?rest_route=\/wp\/v2\/types\/post"}],"replies":[{"embeddable":true,"href":"http:\/\/fmdelpueblo.ar\/index.php?rest_route=%2Fwp%2Fv2%2Fcomments&post=11745"}],"version-history":[{"count":0,"href":"http:\/\/fmdelpueblo.ar\/index.php?rest_route=\/wp\/v2\/posts\/11745\/revisions"}],"wp:attachment":[{"href":"http:\/\/fmdelpueblo.ar\/index.php?rest_route=%2Fwp%2Fv2%2Fmedia&parent=11745"}],"wp:term":[{"taxonomy":"category","embeddable":true,"href":"http:\/\/fmdelpueblo.ar\/index.php?rest_route=%2Fwp%2Fv2%2Fcategories&post=11745"},{"taxonomy":"post_tag","embeddable":true,"href":"http:\/\/fmdelpueblo.ar\/index.php?rest_route=%2Fwp%2Fv2%2Ftags&post=11745"}],"curies":[{"name":"wp","href":"https:\/\/api.w.org\/{rel}","templated":true}]}}