{"id":11744,"date":"2022-04-01T13:09:09","date_gmt":"2022-04-01T13:09:09","guid":{"rendered":"https:\/\/fmdelpueblo.ar\/?p=11744"},"modified":"2022-04-01T13:09:09","modified_gmt":"2022-04-01T13:09:09","slug":"alquiler-educacion-y-prepagas-los-servicios-que-aumentan-a-partir-de-este-viernes-1-de-abril","status":"publish","type":"post","link":"http:\/\/fmdelpueblo.ar\/?p=11744","title":{"rendered":"Alquiler, educaci\u00f3n y prepagas: los servicios que aumentan a partir de este viernes 1 de abril"},"content":{"rendered":"<\/p>\n<p>Las expensas tambi\u00e9n subir\u00e1n este mes. Las prestadoras de medicina privada est\u00e1n autorizadas a incrementar sus cuotas un 6%. El golpe m\u00e1s duro se sentir\u00e1 en los alquileres. <a href=\"https:\/\/www.perfil.com\/noticias\/actualidad\/alquiler-educacion-y-prepagas-los-servicios-que-aumentan-a-partir-de-este-viernes-1-de-abril.phtml\">Leer m\u00e1s<\/a><\/p>\n","protected":false},"excerpt":{"rendered":"<p>Las expensas tambi\u00e9n subir\u00e1n este mes. Las prestadoras de medicina privada est\u00e1n autorizadas a incrementar sus cuotas un 6%. El golpe m\u00e1s duro se sentir\u00e1 en los alquileres. Leer m\u00e1s<\/p>\n","protected":false},"author":0,"featured_media":0,"comment_status":"","ping_status":"","sticky":false,"template":"","format":"standard","meta":{"footnotes":""},"categories":[1],"tags":[],"class_list":["post-11744","post","type-post","status-publish","format-standard","hentry","category-sin-categoria"],"_links":{"self":[{"href":"http:\/\/fmdelpueblo.ar\/index.php?rest_route=\/wp\/v2\/posts\/11744","targetHints":{"allow":["GET"]}}],"collection":[{"href":"http:\/\/fmdelpueblo.ar\/index.php?rest_route=\/wp\/v2\/posts"}],"about":[{"href":"http:\/\/fmdelpueblo.ar\/index.php?rest_route=\/wp\/v2\/types\/post"}],"replies":[{"embeddable":true,"href":"http:\/\/fmdelpueblo.ar\/index.php?rest_route=%2Fwp%2Fv2%2Fcomments&post=11744"}],"version-history":[{"count":0,"href":"http:\/\/fmdelpueblo.ar\/index.php?rest_route=\/wp\/v2\/posts\/11744\/revisions"}],"wp:attachment":[{"href":"http:\/\/fmdelpueblo.ar\/index.php?rest_route=%2Fwp%2Fv2%2Fmedia&parent=11744"}],"wp:term":[{"taxonomy":"category","embeddable":true,"href":"http:\/\/fmdelpueblo.ar\/index.php?rest_route=%2Fwp%2Fv2%2Fcategories&post=11744"},{"taxonomy":"post_tag","embeddable":true,"href":"http:\/\/fmdelpueblo.ar\/index.php?rest_route=%2Fwp%2Fv2%2Ftags&post=11744"}],"curies":[{"name":"wp","href":"https:\/\/api.w.org\/{rel}","templated":true}]}}