{"id":11738,"date":"2022-04-01T12:10:17","date_gmt":"2022-04-01T12:10:17","guid":{"rendered":"https:\/\/fmdelpueblo.ar\/?p=11738"},"modified":"2022-04-01T12:10:17","modified_gmt":"2022-04-01T12:10:17","slug":"se-incendia-un-deposito-de-combustible-en-rusia-y-las-autoridades-culpan-a-ucrania","status":"publish","type":"post","link":"http:\/\/fmdelpueblo.ar\/?p=11738","title":{"rendered":"Se incendia un dep\u00f3sito de combustible en Rusia y las autoridades culpan a Ucrania"},"content":{"rendered":"<\/p>\n<p>El Kremlin estim\u00f3 este viernes que el ataque perpetrado seg\u00fan Mosc\u00fa por helic\u00f3pteros ucranianos en territorio ruso contra un dep\u00f3sito de combustible afectar\u00e1 las negociaciones bilaterales para poner fin a la ofensiva en Ucrania. <a href=\"https:\/\/www.perfil.com\/noticias\/internacional\/se-incendia-un-deposito-de-combustible-en-rusia-y-las-autoridades-culpan-a-ucrania.phtml\">Leer m\u00e1s<\/a><\/p>\n","protected":false},"excerpt":{"rendered":"<p>El Kremlin estim\u00f3 este viernes que el ataque perpetrado seg\u00fan Mosc\u00fa por helic\u00f3pteros ucranianos en territorio ruso contra un dep\u00f3sito de combustible afectar\u00e1 las negociaciones bilaterales para poner fin a la ofensiva en Ucrania. Leer m\u00e1s<\/p>\n","protected":false},"author":0,"featured_media":0,"comment_status":"","ping_status":"","sticky":false,"template":"","format":"standard","meta":{"footnotes":""},"categories":[1],"tags":[],"class_list":["post-11738","post","type-post","status-publish","format-standard","hentry","category-sin-categoria"],"_links":{"self":[{"href":"http:\/\/fmdelpueblo.ar\/index.php?rest_route=\/wp\/v2\/posts\/11738","targetHints":{"allow":["GET"]}}],"collection":[{"href":"http:\/\/fmdelpueblo.ar\/index.php?rest_route=\/wp\/v2\/posts"}],"about":[{"href":"http:\/\/fmdelpueblo.ar\/index.php?rest_route=\/wp\/v2\/types\/post"}],"replies":[{"embeddable":true,"href":"http:\/\/fmdelpueblo.ar\/index.php?rest_route=%2Fwp%2Fv2%2Fcomments&post=11738"}],"version-history":[{"count":0,"href":"http:\/\/fmdelpueblo.ar\/index.php?rest_route=\/wp\/v2\/posts\/11738\/revisions"}],"wp:attachment":[{"href":"http:\/\/fmdelpueblo.ar\/index.php?rest_route=%2Fwp%2Fv2%2Fmedia&parent=11738"}],"wp:term":[{"taxonomy":"category","embeddable":true,"href":"http:\/\/fmdelpueblo.ar\/index.php?rest_route=%2Fwp%2Fv2%2Fcategories&post=11738"},{"taxonomy":"post_tag","embeddable":true,"href":"http:\/\/fmdelpueblo.ar\/index.php?rest_route=%2Fwp%2Fv2%2Ftags&post=11738"}],"curies":[{"name":"wp","href":"https:\/\/api.w.org\/{rel}","templated":true}]}}