{"id":11734,"date":"2022-04-01T12:10:17","date_gmt":"2022-04-01T12:10:17","guid":{"rendered":"https:\/\/fmdelpueblo.ar\/?p=11734"},"modified":"2022-04-01T12:10:17","modified_gmt":"2022-04-01T12:10:17","slug":"fuerte-temblor-en-san-juan-la-magnitud-del-sismo-fue-de-5-4-en-la-escala-de-richter","status":"publish","type":"post","link":"http:\/\/fmdelpueblo.ar\/?p=11734","title":{"rendered":"Fuerte temblor en San Juan: la magnitud del sismo fue de 5.4 en la escala de Richter"},"content":{"rendered":"<\/p>\n<p>El Instituto Nacional de Prevenci\u00f3n S\u00edsmica indic\u00f3 que la profundidad se ubic\u00f3 a 111 kil\u00f3metros. Tambi\u00e9n se sinti\u00f3 en C\u00f3rdoba y Mendoza. <a href=\"https:\/\/www.perfil.com\/noticias\/actualidad\/fuerte-temblor-en-san-juan-la-magnitud-del-sismo-fue-de-54-en-la-escala-de-richter.phtml\">Leer m\u00e1s<\/a><\/p>\n","protected":false},"excerpt":{"rendered":"<p>El Instituto Nacional de Prevenci\u00f3n S\u00edsmica indic\u00f3 que la profundidad se ubic\u00f3 a 111 kil\u00f3metros. Tambi\u00e9n se sinti\u00f3 en C\u00f3rdoba y Mendoza. Leer m\u00e1s<\/p>\n","protected":false},"author":0,"featured_media":0,"comment_status":"","ping_status":"","sticky":false,"template":"","format":"standard","meta":{"footnotes":""},"categories":[1],"tags":[],"class_list":["post-11734","post","type-post","status-publish","format-standard","hentry","category-sin-categoria"],"_links":{"self":[{"href":"http:\/\/fmdelpueblo.ar\/index.php?rest_route=\/wp\/v2\/posts\/11734","targetHints":{"allow":["GET"]}}],"collection":[{"href":"http:\/\/fmdelpueblo.ar\/index.php?rest_route=\/wp\/v2\/posts"}],"about":[{"href":"http:\/\/fmdelpueblo.ar\/index.php?rest_route=\/wp\/v2\/types\/post"}],"replies":[{"embeddable":true,"href":"http:\/\/fmdelpueblo.ar\/index.php?rest_route=%2Fwp%2Fv2%2Fcomments&post=11734"}],"version-history":[{"count":0,"href":"http:\/\/fmdelpueblo.ar\/index.php?rest_route=\/wp\/v2\/posts\/11734\/revisions"}],"wp:attachment":[{"href":"http:\/\/fmdelpueblo.ar\/index.php?rest_route=%2Fwp%2Fv2%2Fmedia&parent=11734"}],"wp:term":[{"taxonomy":"category","embeddable":true,"href":"http:\/\/fmdelpueblo.ar\/index.php?rest_route=%2Fwp%2Fv2%2Fcategories&post=11734"},{"taxonomy":"post_tag","embeddable":true,"href":"http:\/\/fmdelpueblo.ar\/index.php?rest_route=%2Fwp%2Fv2%2Ftags&post=11734"}],"curies":[{"name":"wp","href":"https:\/\/api.w.org\/{rel}","templated":true}]}}