{"id":11731,"date":"2022-04-01T11:11:16","date_gmt":"2022-04-01T11:11:16","guid":{"rendered":"https:\/\/fmdelpueblo.ar\/?p=11731"},"modified":"2022-04-01T11:11:16","modified_gmt":"2022-04-01T11:11:16","slug":"pami-abrio-las-inscripciones-a-la-universidad-para-adultos-mayores-upami","status":"publish","type":"post","link":"http:\/\/fmdelpueblo.ar\/?p=11731","title":{"rendered":"PAMI abri\u00f3 las inscripciones a la Universidad para Adultos Mayores (UPAMI)"},"content":{"rendered":"<\/p>\n<p>PAMI\u00a0anunci\u00f3 que ya est\u00e1 abierta\u00a0la inscripci\u00f3n para el ciclo lectivo 2022 del programa de Universidad para Adultos Mayores Integrados (UPAMI) junto a docentes de m\u00e1s de 50 universidades nacionales. <a href=\"https:\/\/www.perfil.com\/noticias\/actualidad\/pami-abrio-las-inscripciones-a-la-universidad-para-adultos-mayores-upami.phtml\">Leer m\u00e1s<\/a><\/p>\n","protected":false},"excerpt":{"rendered":"<p>PAMI\u00a0anunci\u00f3 que ya est\u00e1 abierta\u00a0la inscripci\u00f3n para el ciclo lectivo 2022 del programa de Universidad para Adultos Mayores Integrados (UPAMI) junto a docentes de m\u00e1s de 50 universidades nacionales. Leer m\u00e1s<\/p>\n","protected":false},"author":0,"featured_media":0,"comment_status":"","ping_status":"","sticky":false,"template":"","format":"standard","meta":{"footnotes":""},"categories":[1],"tags":[],"class_list":["post-11731","post","type-post","status-publish","format-standard","hentry","category-sin-categoria"],"_links":{"self":[{"href":"http:\/\/fmdelpueblo.ar\/index.php?rest_route=\/wp\/v2\/posts\/11731","targetHints":{"allow":["GET"]}}],"collection":[{"href":"http:\/\/fmdelpueblo.ar\/index.php?rest_route=\/wp\/v2\/posts"}],"about":[{"href":"http:\/\/fmdelpueblo.ar\/index.php?rest_route=\/wp\/v2\/types\/post"}],"replies":[{"embeddable":true,"href":"http:\/\/fmdelpueblo.ar\/index.php?rest_route=%2Fwp%2Fv2%2Fcomments&post=11731"}],"version-history":[{"count":0,"href":"http:\/\/fmdelpueblo.ar\/index.php?rest_route=\/wp\/v2\/posts\/11731\/revisions"}],"wp:attachment":[{"href":"http:\/\/fmdelpueblo.ar\/index.php?rest_route=%2Fwp%2Fv2%2Fmedia&parent=11731"}],"wp:term":[{"taxonomy":"category","embeddable":true,"href":"http:\/\/fmdelpueblo.ar\/index.php?rest_route=%2Fwp%2Fv2%2Fcategories&post=11731"},{"taxonomy":"post_tag","embeddable":true,"href":"http:\/\/fmdelpueblo.ar\/index.php?rest_route=%2Fwp%2Fv2%2Ftags&post=11731"}],"curies":[{"name":"wp","href":"https:\/\/api.w.org\/{rel}","templated":true}]}}