{"id":11728,"date":"2022-04-01T05:10:37","date_gmt":"2022-04-01T05:10:37","guid":{"rendered":"https:\/\/fmdelpueblo.ar\/?p=11728"},"modified":"2022-04-01T05:10:37","modified_gmt":"2022-04-01T05:10:37","slug":"23-minutos-bajo-la-nieve-un-reconocido-alpinista-argentino-relato-su-experiencia-al-borde-de-la-muerte","status":"publish","type":"post","link":"http:\/\/fmdelpueblo.ar\/?p=11728","title":{"rendered":"23 minutos bajo la nieve: un reconocido alpinista argentino relat\u00f3 su experiencia al borde de la muerte"},"content":{"rendered":"<\/p>\n<p>\u00abLo \u00faltimo que recuerdo fue ver a mi cliente esquiar hacia un lugar seguro cuando comenc\u00e9 a montar la ola. Entonces, todo qued\u00f3 en blanco\u00bb, coment\u00f3 Guillermo \u00abWillie\u00bb Benegas, quien escal\u00f3 13 veces el Everest, a prop\u00f3sito de la avalancha que casi lo mata. <a href=\"https:\/\/www.perfil.com\/noticias\/sociedad\/23-minutos-bajo-nieve-reconocido-alpinista-argentino-relato-experiencia-borde-muerte.phtml\">Leer m\u00e1s<\/a><\/p>\n","protected":false},"excerpt":{"rendered":"<p>\u00abLo \u00faltimo que recuerdo fue ver a mi cliente esquiar hacia un lugar seguro cuando comenc\u00e9 a montar la ola. Entonces, todo qued\u00f3 en blanco\u00bb, coment\u00f3 Guillermo \u00abWillie\u00bb Benegas, quien escal\u00f3 13 veces el Everest, a prop\u00f3sito de la avalancha que casi lo mata. Leer m\u00e1s<\/p>\n","protected":false},"author":0,"featured_media":0,"comment_status":"","ping_status":"","sticky":false,"template":"","format":"standard","meta":{"footnotes":""},"categories":[1],"tags":[],"class_list":["post-11728","post","type-post","status-publish","format-standard","hentry","category-sin-categoria"],"_links":{"self":[{"href":"http:\/\/fmdelpueblo.ar\/index.php?rest_route=\/wp\/v2\/posts\/11728","targetHints":{"allow":["GET"]}}],"collection":[{"href":"http:\/\/fmdelpueblo.ar\/index.php?rest_route=\/wp\/v2\/posts"}],"about":[{"href":"http:\/\/fmdelpueblo.ar\/index.php?rest_route=\/wp\/v2\/types\/post"}],"replies":[{"embeddable":true,"href":"http:\/\/fmdelpueblo.ar\/index.php?rest_route=%2Fwp%2Fv2%2Fcomments&post=11728"}],"version-history":[{"count":0,"href":"http:\/\/fmdelpueblo.ar\/index.php?rest_route=\/wp\/v2\/posts\/11728\/revisions"}],"wp:attachment":[{"href":"http:\/\/fmdelpueblo.ar\/index.php?rest_route=%2Fwp%2Fv2%2Fmedia&parent=11728"}],"wp:term":[{"taxonomy":"category","embeddable":true,"href":"http:\/\/fmdelpueblo.ar\/index.php?rest_route=%2Fwp%2Fv2%2Fcategories&post=11728"},{"taxonomy":"post_tag","embeddable":true,"href":"http:\/\/fmdelpueblo.ar\/index.php?rest_route=%2Fwp%2Fv2%2Ftags&post=11728"}],"curies":[{"name":"wp","href":"https:\/\/api.w.org\/{rel}","templated":true}]}}